{"id":11921,"date":"2020-12-09T09:47:06","date_gmt":"2020-12-09T08:47:06","guid":{"rendered":"https:\/\/nomen.es\/?p=11921"},"modified":"2020-12-09T09:47:06","modified_gmt":"2020-12-09T08:47:06","slug":"receptes-arros-bomba-nadal","status":"publish","type":"post","link":"https:\/\/nomen.es\/ca\/receptes-arros-bomba-nadal\/","title":{"rendered":"Receptes que s\u00f3n la bomba per Nadal"},"content":{"rendered":"<p>Si ets fan de l&#8217;arr\u00f2s i est\u00e0s buscant idees pels teus men\u00fas de festa, has trobat el post ideal. Perqu\u00e8 est\u00e0 ple de propostes perfectes per als <strong>aperitius<\/strong>, els <strong>entrants<\/strong> i els <strong>segons<\/strong>, que inclouen l\u2019arr\u00f2s com a ingredient b\u00e0sic o com a acompanyament.<\/p>\n<p>Perqu\u00e8, qui ha dit que l\u2019arr\u00f2s no es mereix un lloc a la teva taula de Nadal? Est\u00e0 clar que no servir\u00e0s un arr\u00f2s blanc, per\u00f2 hi ha moltes receptes d\u2019arr\u00f2s que tenen tot el necessari per a ser considerades <strong>gourmet<\/strong>. I \u00e9s que l\u2019arr\u00f2s \u00e9s tan <strong>vers\u00e0til<\/strong> que combina amb carns, peixos, mariscs, esp\u00e8cies, verdures, formatges\u2026 fins i tot amb xocolata o amb preparacions dolces!<\/p>\n<p>Concretament, avui et proposem receptes que s\u2019elaboren amb <a href=\"https:\/\/nomen.es\/ca\/arros\/arros-bomba-nomen\/\">arr\u00f2s bomba<\/a>, una varietat d\u2019arr\u00f2s de gra curt i arrodonit que absorbeix molt b\u00e9 els gustos dels aliments amb els que es cuina, en especial el brou de cocci\u00f3, per aix\u00f2 dona com a resultat <strong>plats molt gustosos<\/strong>. A m\u00e9s, <strong>no es passa i sempre queda solt<\/strong>, aix\u00ed que el podr\u00e0s tenir preparat sense patir per si es passa abans que arribi el moment de servir-lo.<\/p>\n<h2>Aperitius de Nadal amb arr\u00f2s bomba<\/h2>\n<h3>Arancini<\/h3>\n<p>S\u00f3n unes <strong>croquetes d\u2019arr\u00f2s<\/strong> t\u00edpiques italianes, en concret sicilianes, farcides amb salsa carbonara o rag\u00fa de bou o de vedella, amb un cor de formatge mozzarella i un toc de safr\u00e0 que dona un caracter\u00edstic color groguenc a l\u2019arr\u00f2s. Aquestes boles d\u2019arr\u00f2s s\u2019arrebossen amb ou i farina de galeta i es fregeixen, i s\u2019han de menjar calentes, amb el <strong>formatge ben fos<\/strong> al seu interior. Si t\u2019agrada la recepta, pots provar a farcir els arancini amb altres ingredients. I si aquesta recepta et sembla massa elaborada, proba amb aquestes <a href=\"https:\/\/nomen.es\/ca\/recepta\/aperitiu-boletes-darros\/\" target=\"_blank\" rel=\"noopener noreferrer\">boletes d\u2019arr\u00f2s<\/a>, m\u00e9s f\u00e0cils de preparar.<\/p>\n<p><img decoding=\"async\" class=\"aligncenter size-full wp-image-11915\" src=\"https:\/\/nomen.es\/wp-content\/uploads\/2020\/12\/receta-arancini-arroz.jpg\" alt=\"Arancini\" width=\"900\" height=\"600\" srcset=\"https:\/\/nomen.es\/wp-content\/uploads\/2020\/12\/receta-arancini-arroz.jpg 900w, https:\/\/nomen.es\/wp-content\/uploads\/2020\/12\/receta-arancini-arroz-600x400.jpg 600w, https:\/\/nomen.es\/wp-content\/uploads\/2020\/12\/receta-arancini-arroz-300x200.jpg 300w, https:\/\/nomen.es\/wp-content\/uploads\/2020\/12\/receta-arancini-arroz-768x512.jpg 768w\" sizes=\"(max-width: 900px) 100vw, 900px\" \/><\/p>\n<h3>Rotllets de massa filo amb arr\u00f2s<\/h3>\n<p>Aquest \u00e9s un aperitiu cruixent que no deixa indiferent ning\u00fa. A m\u00e9s, el pots preparar <strong>fregit o al forn<\/strong>. La idea \u00e9s farcir les l\u00e0mines de pasta filo amb un saltat d\u2019arr\u00f2s al teu gust, una mica de parmes\u00e0 i enrotllar-les per despr\u00e9s fregir-les o enfornar-les. Com fer el saltat d\u2019arr\u00f2s? Doncs amb els ingredients que m\u00e9s t\u2019agradin, des de verdures fins a <a href=\"https:\/\/nomen.es\/ca\/recepta\/arros-ecologic-amb-cigrons-carn-picada-i-comi\/\" target=\"_blank\" rel=\"noopener noreferrer\">carn picada<\/a>, gambes, bolets, <a href=\"https:\/\/nomen.es\/receta\/arroz-con-bacalao\/\" target=\"_blank\" rel=\"noopener noreferrer\">bacall\u00e0<\/a>\u2026 Tens molt\u00edssimes opcions!<\/p>\n<h2>Entrants de Nadal amb arr\u00f2s bomba<\/h2>\n<h3>Arr\u00f2s crem\u00f3s de ceps i llagostins<\/h3>\n<p>Pots presentar-lo en forma de <strong>timbal<\/strong>, per a que sigui m\u00e9s festiu i tamb\u00e9 per limitar una mica les quantitats, pensa que l\u2019arr\u00f2s \u00e9s un plat que omple, i aquest \u00e9s nom\u00e9s l\u2019entrant! Es prepara d\u2019una manera molt semblant al risotto (tot i que no ho \u00e9s, perqu\u00e8 est\u00e0 fet amb arr\u00f2s bomba), remenant l\u2019arr\u00f2s a mida que li vas afegint el brou, amb el seu <strong>toc de vi i de formatge parmes\u00e0<\/strong>. Com a segons ingredients, ceps i llagostins que li donaran el punt gourmet, tot i que, per suposat, pots escollir altres ingredients si aquests no t\u2019agraden. Mira aquestes altres receptes d\u2019arr\u00f2s crem\u00f3s: <a href=\"https:\/\/nomen.es\/ca\/recepta\/arros-ecologic-amb-gambes-calamars-i-sal-amb-algues\/\" target=\"_blank\" rel=\"noopener noreferrer\">arr\u00f2s crem\u00f3s amb gambes, calamars i algues<\/a> o <a href=\"https:\/\/nomen.es\/ca\/recepta\/arros-cremos-amb-pesols\/\" target=\"_blank\" rel=\"noopener noreferrer\">arr\u00f2s crem\u00f3s amb p\u00e8sols<\/a>.<\/p>\n<p><img decoding=\"async\" class=\"aligncenter size-full wp-image-11917\" src=\"https:\/\/nomen.es\/wp-content\/uploads\/2020\/12\/receta-arroz-ceps-mariscos.jpg\" alt=\"Arroz con ceps y mariscos\" width=\"900\" height=\"600\" srcset=\"https:\/\/nomen.es\/wp-content\/uploads\/2020\/12\/receta-arroz-ceps-mariscos.jpg 900w, https:\/\/nomen.es\/wp-content\/uploads\/2020\/12\/receta-arroz-ceps-mariscos-600x400.jpg 600w, https:\/\/nomen.es\/wp-content\/uploads\/2020\/12\/receta-arroz-ceps-mariscos-300x200.jpg 300w, https:\/\/nomen.es\/wp-content\/uploads\/2020\/12\/receta-arroz-ceps-mariscos-768x512.jpg 768w\" sizes=\"(max-width: 900px) 100vw, 900px\" \/><\/p>\n<h3>Arr\u00f2s cald\u00f3s amb mariscs<\/h3>\n<p>Ja saps que si vols preparar un <a href=\"https:\/\/nomen.es\/ca\/arros\/arros-bomba-ideal-caldosos\/\" target=\"_blank\" rel=\"noopener noreferrer\">arr\u00f2s cald\u00f3s<\/a>, l\u2019arr\u00f2s bomba \u00e9s el teu arr\u00f2s. I un delici\u00f3s arr\u00f2s cald\u00f3s amb mariscs \u00e9s l\u2019entrant perfecte per a un dinar de Nadal o tamb\u00e9 com a plat \u00fanic per <strong>un sopar especial<\/strong>. Ves amb compte amb les quantitats, la idea seria posar raccions tipus \u201cplatets\u201d, per exemple servides en bols de petit tamany. Per a que sigui m\u00e9s f\u00e0cil de menjar, presenta els <strong>mariscs ja pelats<\/strong>, segur que els teus convidats t\u2019ho agrair\u00e0n. Fixa\u2019t en aquestes delicioses receptes d\u2019<a href=\"https:\/\/nomen.es\/ca\/recepta\/arros-caldos-amb-gambes\/\" target=\"_blank\" rel=\"noopener noreferrer\">arr\u00f2s cald\u00f3s amb gambes<\/a> o <a href=\"https:\/\/nomen.es\/ca\/recepta\/arros-caldos-amb-galeres\/\" target=\"_blank\" rel=\"noopener noreferrer\">amb galeres<\/a>. O prepara un arr\u00f2s cald\u00f3s de peix, com aquest <a href=\"https:\/\/nomen.es\/ca\/recepta\/arros-caldos-amb-bacalla\/\" target=\"_blank\" rel=\"noopener noreferrer\">de bacall\u00e0<\/a>, o un vegetari\u00e0 com aquest de <a href=\"https:\/\/nomen.es\/ca\/recepta\/arros-caldos-amb-castanyes\/\" target=\"_blank\" rel=\"noopener noreferrer\">castanyes i farigola<\/a>.<strong>\u00a0<\/strong><\/p>\n<h2>Segons de Nadal amb arr\u00f2s bomba<\/h2>\n<h3>Peix sobre niu d\u2019arr\u00f2s mariner<\/h3>\n<p>Escull el peix que m\u00e9s t\u2019agradi \u2013rap, turbot, llobarro, llenguado, besug, corvall\u2026\u2013 i prepara\u2019l <strong>a la planxa, en papillote o al forn<\/strong>. Serveix-lo sobre una bona base d\u2019arr\u00f2s mariner, tipus paella, amb sepia o calamar, gambes o llagostins, carxofa, clo\u00efsses o musclos, preparat amb un bon fumet de peix que li donar\u00e0 tota la pot\u00e8ncia que necessita. Pots seguir aquesta recepta d\u2019<a href=\"https:\/\/nomen.es\/ca\/recepta\/arros-amb-marisc\/\" target=\"_blank\" rel=\"noopener noreferrer\">arr\u00f2s amb marisc<\/a>, per\u00f2 pela el marisc abans d\u2019emplatar. Aquesta \u00e9s una recepta perfecta si vols fer un \u00fanic plat despr\u00e9s de l\u2019aperitiu, perqu\u00e8 \u00e9s molt completa. Per a que quedi m\u00e9s bonic, utilitza un <strong>aro o motlle d\u2019emplatar<\/strong> per a posar l\u2019arr\u00f2s. Al seu damunt, col.loca el peix acabat de fer (no et passis amb la cocci\u00f3 o quedar\u00e0 sec) i decora amb unes herbes arom\u00e0tiques fresques com cibulet, roman\u00ed o farigola.<\/p>\n<h3>Gall d\u2019indi farcit amb arr\u00f2s<\/h3>\n<p>El gall d\u2019indi farcit \u00e9s una de les receptes estrella del Nadal. I tot i que necessita bastant de temps de forn, en realitat \u00e9s molt <strong>f\u00e0cil de fer<\/strong>. Nom\u00e9s cal preparar i netejar el gall d\u2019indi, salpebrar-lo i cobrir-lo amb algun greix (pot ser oli, llard o mantega) per a afavorir la seva cocci\u00f3 i que quedi ben torrat, i farcir-lo amb la barreja d\u2019ingredients que m\u00e9s t\u2019agradin. Nosaltres et proposem un farcit d\u2019<strong>arr\u00f2s amb fruits secs, orellanes, prunes i ceba caramelitzada<\/strong>, una combinaci\u00f3 que est\u00e0 per a llepar-se els dits. Per amalgamar una mica aquests ingredients, pots preparar una beixamel espessa.<\/p>\n<p>T\u2019animes a preparar qualsevol d\u2019aquests plats aquest Nadal? T\u2019assegurem un \u00e8xit total, aix\u00ed que no ho dubtis i posa\u2019t el devantal\u2026 Gaudir\u00e0s tant a la cuina com a la taula!<\/p>\n","protected":false},"excerpt":{"rendered":"<p>Si ets fan de l&#8217;arr\u00f2s i est\u00e0s buscant idees pels teus men\u00fas de festa, has trobat el post ideal. Perqu\u00e8 est\u00e0 ple de propostes perfectes per als aperitius, els entrants i els segons, que inclouen l\u2019arr\u00f2s com a ingredient b\u00e0sic o com a acompanyament. Perqu\u00e8, qui ha dit que l\u2019arr\u00f2s no es mereix un lloc [&hellip;]<\/p>\n","protected":false},"author":2,"featured_media":11919,"comment_status":"open","ping_status":"open","sticky":false,"template":"","format":"standard","meta":{"_acf_changed":false,"_et_pb_use_builder":"","_et_pb_old_content":"","_et_gb_content_width":"","inline_featured_image":false,"footnotes":""},"categories":[146],"tags":[],"class_list":["post-11921","post","type-post","status-publish","format-standard","has-post-thumbnail","hentry","category-cuina"],"acf":[],"yoast_head":"<!-- This site is optimized with the Yoast SEO plugin v27.5 - https:\/\/yoast.com\/product\/yoast-seo-wordpress\/ -->\n<title>Receptes que s\u00f3n la bomba per Nadal - Nomen<\/title>\n<meta name=\"description\" content=\"Qui ha dit que l\u2019arr\u00f2s no \u00e9s pel Nadal? Et demostrem que s\u00ed amb idees pels aperitius, els entrants i els segons.\" \/>\n<meta name=\"robots\" content=\"index, follow, max-snippet:-1, max-image-preview:large, max-video-preview:-1\" \/>\n<link rel=\"canonical\" href=\"https:\/\/nomen.es\/recetas-arroz-bomba-navidad\/\" \/>\n<meta property=\"og:locale\" content=\"ca_ES\" \/>\n<meta property=\"og:type\" content=\"article\" \/>\n<meta property=\"og:title\" content=\"Receptes que s\u00f3n la bomba per Nadal - Nomen\" \/>\n<meta property=\"og:description\" content=\"Qui ha dit que l\u2019arr\u00f2s no \u00e9s pel Nadal? Et demostrem que s\u00ed amb idees pels aperitius, els entrants i els segons.\" \/>\n<meta property=\"og:url\" content=\"https:\/\/nomen.es\/recetas-arroz-bomba-navidad\/\" \/>\n<meta property=\"og:site_name\" content=\"Nomen\" \/>\n<meta property=\"article:published_time\" content=\"2020-12-09T08:47:06+00:00\" \/>\n<meta property=\"og:image\" content=\"https:\/\/nomen.es\/wp-content\/uploads\/2020\/12\/recetas-arroz-bomba-navidad.jpg\" \/>\n\t<meta property=\"og:image:width\" content=\"900\" \/>\n\t<meta property=\"og:image:height\" content=\"600\" \/>\n\t<meta property=\"og:image:type\" content=\"image\/jpeg\" \/>\n<meta name=\"author\" content=\"Nomen\" \/>\n<meta name=\"twitter:label1\" content=\"Escrit per\" \/>\n\t<meta name=\"twitter:data1\" content=\"Nomen\" \/>\n\t<meta name=\"twitter:label2\" content=\"Temps estimat de lectura\" \/>\n\t<meta name=\"twitter:data2\" content=\"5 minuts\" \/>\n<script type=\"application\/ld+json\" class=\"yoast-schema-graph\">{\"@context\":\"https:\\\/\\\/schema.org\",\"@graph\":[{\"@type\":\"Article\",\"@id\":\"https:\\\/\\\/nomen.es\\\/recetas-arroz-bomba-navidad\\\/#article\",\"isPartOf\":{\"@id\":\"https:\\\/\\\/nomen.es\\\/recetas-arroz-bomba-navidad\\\/\"},\"author\":{\"name\":\"Nomen\",\"@id\":\"https:\\\/\\\/nomen.es\\\/#\\\/schema\\\/person\\\/e05dca4ee822516d2b98d8c40d7c7936\"},\"headline\":\"Receptes que s\u00f3n la bomba per Nadal\",\"datePublished\":\"2020-12-09T08:47:06+00:00\",\"mainEntityOfPage\":{\"@id\":\"https:\\\/\\\/nomen.es\\\/recetas-arroz-bomba-navidad\\\/\"},\"wordCount\":1031,\"commentCount\":0,\"image\":{\"@id\":\"https:\\\/\\\/nomen.es\\\/recetas-arroz-bomba-navidad\\\/#primaryimage\"},\"thumbnailUrl\":\"https:\\\/\\\/nomen.es\\\/wp-content\\\/uploads\\\/2020\\\/12\\\/recetas-arroz-bomba-navidad.jpg\",\"articleSection\":[\"Cuina\"],\"inLanguage\":\"ca\",\"potentialAction\":[{\"@type\":\"CommentAction\",\"name\":\"Comment\",\"target\":[\"https:\\\/\\\/nomen.es\\\/recetas-arroz-bomba-navidad\\\/#respond\"]}]},{\"@type\":\"WebPage\",\"@id\":\"https:\\\/\\\/nomen.es\\\/recetas-arroz-bomba-navidad\\\/\",\"url\":\"https:\\\/\\\/nomen.es\\\/recetas-arroz-bomba-navidad\\\/\",\"name\":\"Receptes que s\u00f3n la bomba per Nadal - Nomen\",\"isPartOf\":{\"@id\":\"https:\\\/\\\/nomen.es\\\/#website\"},\"primaryImageOfPage\":{\"@id\":\"https:\\\/\\\/nomen.es\\\/recetas-arroz-bomba-navidad\\\/#primaryimage\"},\"image\":{\"@id\":\"https:\\\/\\\/nomen.es\\\/recetas-arroz-bomba-navidad\\\/#primaryimage\"},\"thumbnailUrl\":\"https:\\\/\\\/nomen.es\\\/wp-content\\\/uploads\\\/2020\\\/12\\\/recetas-arroz-bomba-navidad.jpg\",\"datePublished\":\"2020-12-09T08:47:06+00:00\",\"author\":{\"@id\":\"https:\\\/\\\/nomen.es\\\/#\\\/schema\\\/person\\\/e05dca4ee822516d2b98d8c40d7c7936\"},\"description\":\"Qui ha dit que l\u2019arr\u00f2s no \u00e9s pel Nadal? Et demostrem que s\u00ed amb idees pels aperitius, els entrants i els segons.\",\"breadcrumb\":{\"@id\":\"https:\\\/\\\/nomen.es\\\/recetas-arroz-bomba-navidad\\\/#breadcrumb\"},\"inLanguage\":\"ca\",\"potentialAction\":[{\"@type\":\"ReadAction\",\"target\":[\"https:\\\/\\\/nomen.es\\\/recetas-arroz-bomba-navidad\\\/\"]}]},{\"@type\":\"ImageObject\",\"inLanguage\":\"ca\",\"@id\":\"https:\\\/\\\/nomen.es\\\/recetas-arroz-bomba-navidad\\\/#primaryimage\",\"url\":\"https:\\\/\\\/nomen.es\\\/wp-content\\\/uploads\\\/2020\\\/12\\\/recetas-arroz-bomba-navidad.jpg\",\"contentUrl\":\"https:\\\/\\\/nomen.es\\\/wp-content\\\/uploads\\\/2020\\\/12\\\/recetas-arroz-bomba-navidad.jpg\",\"width\":900,\"height\":600,\"caption\":\"Receptes d'arr\u00f2s bomba per Nadal\"},{\"@type\":\"BreadcrumbList\",\"@id\":\"https:\\\/\\\/nomen.es\\\/recetas-arroz-bomba-navidad\\\/#breadcrumb\",\"itemListElement\":[{\"@type\":\"ListItem\",\"position\":1,\"name\":\"Portada\",\"item\":\"https:\\\/\\\/nomen.es\\\/ca\\\/\"},{\"@type\":\"ListItem\",\"position\":2,\"name\":\"Receptes que s\u00f3n la bomba per Nadal\"}]},{\"@type\":\"WebSite\",\"@id\":\"https:\\\/\\\/nomen.es\\\/#website\",\"url\":\"https:\\\/\\\/nomen.es\\\/\",\"name\":\"Nomen\",\"description\":\"Mucho m\u00e1s que arroz\",\"potentialAction\":[{\"@type\":\"SearchAction\",\"target\":{\"@type\":\"EntryPoint\",\"urlTemplate\":\"https:\\\/\\\/nomen.es\\\/?s={search_term_string}\"},\"query-input\":{\"@type\":\"PropertyValueSpecification\",\"valueRequired\":true,\"valueName\":\"search_term_string\"}}],\"inLanguage\":\"ca\"},{\"@type\":\"Person\",\"@id\":\"https:\\\/\\\/nomen.es\\\/#\\\/schema\\\/person\\\/e05dca4ee822516d2b98d8c40d7c7936\",\"name\":\"Nomen\",\"image\":{\"@type\":\"ImageObject\",\"inLanguage\":\"ca\",\"@id\":\"https:\\\/\\\/secure.gravatar.com\\\/avatar\\\/9706332b7e0d915e91c32e7737d8b5aea989a8aa0f5a11d27cdf2acb64563170?s=96&d=mm&r=g\",\"url\":\"https:\\\/\\\/secure.gravatar.com\\\/avatar\\\/9706332b7e0d915e91c32e7737d8b5aea989a8aa0f5a11d27cdf2acb64563170?s=96&d=mm&r=g\",\"contentUrl\":\"https:\\\/\\\/secure.gravatar.com\\\/avatar\\\/9706332b7e0d915e91c32e7737d8b5aea989a8aa0f5a11d27cdf2acb64563170?s=96&d=mm&r=g\",\"caption\":\"Nomen\"}}]}<\/script>\n<!-- \/ Yoast SEO plugin. -->","yoast_head_json":{"title":"Receptes que s\u00f3n la bomba per Nadal - Nomen","description":"Qui ha dit que l\u2019arr\u00f2s no \u00e9s pel Nadal? Et demostrem que s\u00ed amb idees pels aperitius, els entrants i els segons.","robots":{"index":"index","follow":"follow","max-snippet":"max-snippet:-1","max-image-preview":"max-image-preview:large","max-video-preview":"max-video-preview:-1"},"canonical":"https:\/\/nomen.es\/recetas-arroz-bomba-navidad\/","og_locale":"ca_ES","og_type":"article","og_title":"Receptes que s\u00f3n la bomba per Nadal - Nomen","og_description":"Qui ha dit que l\u2019arr\u00f2s no \u00e9s pel Nadal? Et demostrem que s\u00ed amb idees pels aperitius, els entrants i els segons.","og_url":"https:\/\/nomen.es\/recetas-arroz-bomba-navidad\/","og_site_name":"Nomen","article_published_time":"2020-12-09T08:47:06+00:00","og_image":[{"width":900,"height":600,"url":"https:\/\/nomen.es\/wp-content\/uploads\/2020\/12\/recetas-arroz-bomba-navidad.jpg","type":"image\/jpeg"}],"author":"Nomen","twitter_misc":{"Escrit per":"Nomen","Temps estimat de lectura":"5 minuts"},"schema":{"@context":"https:\/\/schema.org","@graph":[{"@type":"Article","@id":"https:\/\/nomen.es\/recetas-arroz-bomba-navidad\/#article","isPartOf":{"@id":"https:\/\/nomen.es\/recetas-arroz-bomba-navidad\/"},"author":{"name":"Nomen","@id":"https:\/\/nomen.es\/#\/schema\/person\/e05dca4ee822516d2b98d8c40d7c7936"},"headline":"Receptes que s\u00f3n la bomba per Nadal","datePublished":"2020-12-09T08:47:06+00:00","mainEntityOfPage":{"@id":"https:\/\/nomen.es\/recetas-arroz-bomba-navidad\/"},"wordCount":1031,"commentCount":0,"image":{"@id":"https:\/\/nomen.es\/recetas-arroz-bomba-navidad\/#primaryimage"},"thumbnailUrl":"https:\/\/nomen.es\/wp-content\/uploads\/2020\/12\/recetas-arroz-bomba-navidad.jpg","articleSection":["Cuina"],"inLanguage":"ca","potentialAction":[{"@type":"CommentAction","name":"Comment","target":["https:\/\/nomen.es\/recetas-arroz-bomba-navidad\/#respond"]}]},{"@type":"WebPage","@id":"https:\/\/nomen.es\/recetas-arroz-bomba-navidad\/","url":"https:\/\/nomen.es\/recetas-arroz-bomba-navidad\/","name":"Receptes que s\u00f3n la bomba per Nadal - Nomen","isPartOf":{"@id":"https:\/\/nomen.es\/#website"},"primaryImageOfPage":{"@id":"https:\/\/nomen.es\/recetas-arroz-bomba-navidad\/#primaryimage"},"image":{"@id":"https:\/\/nomen.es\/recetas-arroz-bomba-navidad\/#primaryimage"},"thumbnailUrl":"https:\/\/nomen.es\/wp-content\/uploads\/2020\/12\/recetas-arroz-bomba-navidad.jpg","datePublished":"2020-12-09T08:47:06+00:00","author":{"@id":"https:\/\/nomen.es\/#\/schema\/person\/e05dca4ee822516d2b98d8c40d7c7936"},"description":"Qui ha dit que l\u2019arr\u00f2s no \u00e9s pel Nadal? Et demostrem que s\u00ed amb idees pels aperitius, els entrants i els segons.","breadcrumb":{"@id":"https:\/\/nomen.es\/recetas-arroz-bomba-navidad\/#breadcrumb"},"inLanguage":"ca","potentialAction":[{"@type":"ReadAction","target":["https:\/\/nomen.es\/recetas-arroz-bomba-navidad\/"]}]},{"@type":"ImageObject","inLanguage":"ca","@id":"https:\/\/nomen.es\/recetas-arroz-bomba-navidad\/#primaryimage","url":"https:\/\/nomen.es\/wp-content\/uploads\/2020\/12\/recetas-arroz-bomba-navidad.jpg","contentUrl":"https:\/\/nomen.es\/wp-content\/uploads\/2020\/12\/recetas-arroz-bomba-navidad.jpg","width":900,"height":600,"caption":"Receptes d'arr\u00f2s bomba per Nadal"},{"@type":"BreadcrumbList","@id":"https:\/\/nomen.es\/recetas-arroz-bomba-navidad\/#breadcrumb","itemListElement":[{"@type":"ListItem","position":1,"name":"Portada","item":"https:\/\/nomen.es\/ca\/"},{"@type":"ListItem","position":2,"name":"Receptes que s\u00f3n la bomba per Nadal"}]},{"@type":"WebSite","@id":"https:\/\/nomen.es\/#website","url":"https:\/\/nomen.es\/","name":"Nomen","description":"Mucho m\u00e1s que arroz","potentialAction":[{"@type":"SearchAction","target":{"@type":"EntryPoint","urlTemplate":"https:\/\/nomen.es\/?s={search_term_string}"},"query-input":{"@type":"PropertyValueSpecification","valueRequired":true,"valueName":"search_term_string"}}],"inLanguage":"ca"},{"@type":"Person","@id":"https:\/\/nomen.es\/#\/schema\/person\/e05dca4ee822516d2b98d8c40d7c7936","name":"Nomen","image":{"@type":"ImageObject","inLanguage":"ca","@id":"https:\/\/secure.gravatar.com\/avatar\/9706332b7e0d915e91c32e7737d8b5aea989a8aa0f5a11d27cdf2acb64563170?s=96&d=mm&r=g","url":"https:\/\/secure.gravatar.com\/avatar\/9706332b7e0d915e91c32e7737d8b5aea989a8aa0f5a11d27cdf2acb64563170?s=96&d=mm&r=g","contentUrl":"https:\/\/secure.gravatar.com\/avatar\/9706332b7e0d915e91c32e7737d8b5aea989a8aa0f5a11d27cdf2acb64563170?s=96&d=mm&r=g","caption":"Nomen"}}]}},"_links":{"self":[{"href":"https:\/\/nomen.es\/ca\/wp-json\/wp\/v2\/posts\/11921","targetHints":{"allow":["GET"]}}],"collection":[{"href":"https:\/\/nomen.es\/ca\/wp-json\/wp\/v2\/posts"}],"about":[{"href":"https:\/\/nomen.es\/ca\/wp-json\/wp\/v2\/types\/post"}],"author":[{"embeddable":true,"href":"https:\/\/nomen.es\/ca\/wp-json\/wp\/v2\/users\/2"}],"replies":[{"embeddable":true,"href":"https:\/\/nomen.es\/ca\/wp-json\/wp\/v2\/comments?post=11921"}],"version-history":[{"count":0,"href":"https:\/\/nomen.es\/ca\/wp-json\/wp\/v2\/posts\/11921\/revisions"}],"wp:featuredmedia":[{"embeddable":true,"href":"https:\/\/nomen.es\/ca\/wp-json\/wp\/v2\/media\/11919"}],"wp:attachment":[{"href":"https:\/\/nomen.es\/ca\/wp-json\/wp\/v2\/media?parent=11921"}],"wp:term":[{"taxonomy":"category","embeddable":true,"href":"https:\/\/nomen.es\/ca\/wp-json\/wp\/v2\/categories?post=11921"},{"taxonomy":"post_tag","embeddable":true,"href":"https:\/\/nomen.es\/ca\/wp-json\/wp\/v2\/tags?post=11921"}],"curies":[{"name":"wp","href":"https:\/\/api.w.org\/{rel}","templated":true}]}}