{"id":12816,"date":"2021-09-01T08:23:24","date_gmt":"2021-09-01T07:23:24","guid":{"rendered":"https:\/\/nomen.es\/?p=12816"},"modified":"2021-09-01T08:23:24","modified_gmt":"2021-09-01T07:23:24","slug":"collita-arros","status":"publish","type":"post","link":"https:\/\/nomen.es\/ca\/collita-arros\/","title":{"rendered":"Collita Nomen, \u00e9s temps de recollida"},"content":{"rendered":"<p>Els 365 dies de l\u2019any tens <a href=\"https:\/\/nomen.es\/\" target=\"_blank\" rel=\"noopener\">arr\u00f2s Nomen<\/a> a la teva disposici\u00f3, en totes les varietats i formats que t\u2019oferim, perqu\u00e8 <strong>menjar sigui un plaer i un acte saludable<\/strong>. Per\u00f2&#8230; t\u2019has parat a pensar alguna vegada com \u00e9s el <strong>proc\u00e9s de producci\u00f3<\/strong> d\u2019aquest arr\u00f2s que arriba al teu plat amb la millor qualitat? \u00c9s el fruit de la feina de moltes persones, des dels propis agricultors als treballadors de la planta on Nomen processa el gra, els encarregats de la distribuci\u00f3, de la comercialitzaci\u00f3&#8230;<\/p>\n<h2>Setembre, mes de collita<\/h2>\n<p>I per qu\u00e8 m\u2019expliquen ara, aix\u00f2? deus estar pensant. Doncs perqu\u00e8 estem al setembre, un moment molt especial per a l\u2019arr\u00f2s. <strong>\u00c9s el temps de la recollida<\/strong>. \u00c9s el punt final del cicle del conreu de l\u2019arr\u00f2s, que ha tingut diverses fases:<\/p>\n<ol>\n<li>Durant el llarg <strong>hivern<\/strong>, els camps on conreem el nostre arr\u00f2s reposen.<\/li>\n<li>Als mesos del <strong>primer trimestre <\/strong>de cada any, els agricultors comencen a <strong>preparar les terres<\/strong> altra vegada per donar vida a una nova collita. Amb tractors, llauren, fertilitzen el fons del terreny i despr\u00e9s anivellen la terra per a poder optimitzar el consum d\u2019aigua quan s\u2019inundin els camps. A Nomen Foods som molt conscients que l\u2019aigua \u00e9s un recurs limitat i posem totes les nostres forces en consumir-la de manera sostenible.<\/li>\n<li><strong>A finals d\u2019abril s\u2019inunden les parcel\u00b7les<\/strong> a trav\u00e9s d\u2019una xarxa de canals, amb l\u2019objectiu de tenir els camps preparats per a rebre les llavors.<\/li>\n<li><strong>La primera setmana de maig es comencen a sembrar els camps<\/strong> amb les llavors de les varietats d\u2019arrossos rodons perlats i bomba.<\/li>\n<li>Ara nom\u00e9s queda que les llavors germinin de forma adequada, que <strong>les plantes creixin durant la primavera i l\u2019estiu i poder obtenir al setembre una collita abundant i de qualitat<\/strong> perqu\u00e8 els nostres consumidors puguin gaudir de l\u2019arr\u00f2s <strong>Nomen<\/strong>, que garanteix la tra\u00e7abilitat de la producci\u00f3 des del camp fins a l\u2019env\u00e0s.<\/li>\n<\/ol>\n<h2>La sembra en sec, una opci\u00f3 de futur<\/h2>\n<p>El conreu tradicional de l\u2019arr\u00f2s es realitza inundant els camps amb aigua per a despr\u00e9s poder sembrar les llavors d\u2019arr\u00f2s. De tota manera, des de fa ja uns anys, alguns dels nostres agricultors han comen\u00e7at a implementar <strong>una nova t\u00e8cnica de sembra en sec<\/strong>, sense necessitat d\u2019inundar els camps abans d\u2019hora. Al Delta de l\u2019Ebre, al voltant d\u2019<strong>un 20% de les parcel\u00b7les ja se sembren en sec<\/strong>.<\/p>\n<p>El principal avantatge que t\u00e9 la sembra en sec \u00e9s que <strong>evita la plaga del <\/strong><strong>caragol poma<\/strong>, que acostuma a apar\u00e8ixer quan s\u2019inunden els camps i es mengen els brots d\u2019arr\u00f2s. Amb aquest sistema, s\u2019espera a inundar els camps quan l\u2019arr\u00f2s ja ha germinat i la planta ja ha crescut, aix\u00ed que quan apareix la plaga, els brots ja no s\u00f3n tendres i aconsegueixen salvar-se.<\/p>\n<h2>On cultivem l\u2019arr\u00f2s Nomen?<\/h2>\n<p>Per a Nomen Foods \u00e9s un privilegi excepcional conrear els camps del <strong>Parc Natural del Delta de l\u2019Ebre<\/strong>, un espai protegit que parla de la tradici\u00f3 del conreu de l\u2019arr\u00f2s des de fa molt\u00edssims anys. Al Delta de l\u2019Ebre, la natura ens brinda tot el necessari per a produir el millor arr\u00f2s: un entorn on <strong>la terra cont\u00e9 les propietats m\u00e9s riques i f\u00e8rtils<\/strong>, on <strong>l\u2019aigua dol\u00e7a s\u2019abra\u00e7a amb la salada<\/strong> i on <strong>les temperatures acompanyen<\/strong> als que treballen la terra cada dia.<\/p>\n<p>Disposem de <strong>22.000 hect\u00e0rees de camps de conreu<\/strong>, que permeten recollir 120 milions de quilos d\u2019arr\u00f2s amb closca durant l\u2019\u00e8poca de la recollida, ara a mitjans de setembre, quan el Delta de l\u2019Ebre es converteix en una festa de colors i brillantor.<\/p>\n<p>Aquest arr\u00f2s acabar\u00e0 convertint-se en <strong>70 milions de quilos de l\u2019arr\u00f2s blanc m\u00e9s apreciat<\/strong> pels consumidors i de les varietats Bah\u00eda i Bomba. Un cicle de conreu respectu\u00f3s amb el medi ambient, que aconsegueix l\u2019harmonia perfecta entre l\u2019explotaci\u00f3 agr\u00e0ria i els valors naturals d\u2019un Parc \u00fanic al m\u00f3n.<\/p>\n","protected":false},"excerpt":{"rendered":"<p>A Nomen estem de festa: ha comen\u00e7at la collita de l\u2019arr\u00f2s! T\u2019expliquem com fem possible que el millor arr\u00f2s arribi a la teva taula des dels nostres camps.<\/p>\n","protected":false},"author":2,"featured_media":12814,"comment_status":"open","ping_status":"open","sticky":false,"template":"","format":"standard","meta":{"_acf_changed":false,"_et_pb_use_builder":"","_et_pb_old_content":"","_et_gb_content_width":"","inline_featured_image":false,"footnotes":""},"categories":[932],"tags":[],"class_list":["post-12816","post","type-post","status-publish","format-standard","has-post-thumbnail","hentry","category-sostenibilitat"],"acf":[],"yoast_head":"<!-- This site is optimized with the Yoast SEO plugin v27.5 - https:\/\/yoast.com\/product\/yoast-seo-wordpress\/ -->\n<title>Collita Nomen, \u00e9s temps de recollida - Nomen<\/title>\n<meta name=\"description\" content=\"A Nomen estem de festa: ha comen\u00e7at la collita de l\u2019arr\u00f2s! T\u2019expliquem com fem possible que el millor arr\u00f2s arribi a la teva taula des dels nostres camps.\" \/>\n<meta name=\"robots\" content=\"index, follow, max-snippet:-1, max-image-preview:large, max-video-preview:-1\" \/>\n<link rel=\"canonical\" href=\"https:\/\/nomen.es\/ca\/collita-arros\/\" \/>\n<meta property=\"og:locale\" content=\"ca_ES\" \/>\n<meta property=\"og:type\" content=\"article\" \/>\n<meta property=\"og:title\" content=\"Collita Nomen, \u00e9s temps de recollida - Nomen\" \/>\n<meta property=\"og:description\" content=\"A Nomen estem de festa: ha comen\u00e7at la collita de l\u2019arr\u00f2s! T\u2019expliquem com fem possible que el millor arr\u00f2s arribi a la teva taula des dels nostres camps.\" \/>\n<meta property=\"og:url\" content=\"https:\/\/nomen.es\/ca\/collita-arros\/\" \/>\n<meta property=\"og:site_name\" content=\"Nomen\" \/>\n<meta property=\"article:published_time\" content=\"2021-09-01T07:23:24+00:00\" \/>\n<meta property=\"og:image\" content=\"https:\/\/nomen.es\/wp-content\/uploads\/2021\/09\/cosecha-arroz.jpg\" \/>\n\t<meta property=\"og:image:width\" content=\"900\" \/>\n\t<meta property=\"og:image:height\" content=\"600\" \/>\n\t<meta property=\"og:image:type\" content=\"image\/jpeg\" \/>\n<meta name=\"author\" content=\"Nomen\" \/>\n<meta name=\"twitter:label1\" content=\"Escrit per\" \/>\n\t<meta name=\"twitter:data1\" content=\"Nomen\" \/>\n\t<meta name=\"twitter:label2\" content=\"Temps estimat de lectura\" \/>\n\t<meta name=\"twitter:data2\" content=\"3 minuts\" \/>\n<script type=\"application\/ld+json\" class=\"yoast-schema-graph\">{\"@context\":\"https:\\\/\\\/schema.org\",\"@graph\":[{\"@type\":\"Article\",\"@id\":\"https:\\\/\\\/nomen.es\\\/ca\\\/collita-arros\\\/#article\",\"isPartOf\":{\"@id\":\"https:\\\/\\\/nomen.es\\\/ca\\\/collita-arros\\\/\"},\"author\":{\"name\":\"Nomen\",\"@id\":\"https:\\\/\\\/nomen.es\\\/#\\\/schema\\\/person\\\/e05dca4ee822516d2b98d8c40d7c7936\"},\"headline\":\"Collita Nomen, \u00e9s temps de recollida\",\"datePublished\":\"2021-09-01T07:23:24+00:00\",\"mainEntityOfPage\":{\"@id\":\"https:\\\/\\\/nomen.es\\\/ca\\\/collita-arros\\\/\"},\"wordCount\":710,\"commentCount\":0,\"image\":{\"@id\":\"https:\\\/\\\/nomen.es\\\/ca\\\/collita-arros\\\/#primaryimage\"},\"thumbnailUrl\":\"https:\\\/\\\/nomen.es\\\/wp-content\\\/uploads\\\/2021\\\/09\\\/cosecha-arroz.jpg\",\"articleSection\":[\"Sostenibilitat\"],\"inLanguage\":\"ca\",\"potentialAction\":[{\"@type\":\"CommentAction\",\"name\":\"Comment\",\"target\":[\"https:\\\/\\\/nomen.es\\\/ca\\\/collita-arros\\\/#respond\"]}]},{\"@type\":\"WebPage\",\"@id\":\"https:\\\/\\\/nomen.es\\\/ca\\\/collita-arros\\\/\",\"url\":\"https:\\\/\\\/nomen.es\\\/ca\\\/collita-arros\\\/\",\"name\":\"Collita Nomen, \u00e9s temps de recollida - Nomen\",\"isPartOf\":{\"@id\":\"https:\\\/\\\/nomen.es\\\/#website\"},\"primaryImageOfPage\":{\"@id\":\"https:\\\/\\\/nomen.es\\\/ca\\\/collita-arros\\\/#primaryimage\"},\"image\":{\"@id\":\"https:\\\/\\\/nomen.es\\\/ca\\\/collita-arros\\\/#primaryimage\"},\"thumbnailUrl\":\"https:\\\/\\\/nomen.es\\\/wp-content\\\/uploads\\\/2021\\\/09\\\/cosecha-arroz.jpg\",\"datePublished\":\"2021-09-01T07:23:24+00:00\",\"author\":{\"@id\":\"https:\\\/\\\/nomen.es\\\/#\\\/schema\\\/person\\\/e05dca4ee822516d2b98d8c40d7c7936\"},\"description\":\"A Nomen estem de festa: ha comen\u00e7at la collita de l\u2019arr\u00f2s! T\u2019expliquem com fem possible que el millor arr\u00f2s arribi a la teva taula des dels nostres camps.\",\"breadcrumb\":{\"@id\":\"https:\\\/\\\/nomen.es\\\/ca\\\/collita-arros\\\/#breadcrumb\"},\"inLanguage\":\"ca\",\"potentialAction\":[{\"@type\":\"ReadAction\",\"target\":[\"https:\\\/\\\/nomen.es\\\/ca\\\/collita-arros\\\/\"]}]},{\"@type\":\"ImageObject\",\"inLanguage\":\"ca\",\"@id\":\"https:\\\/\\\/nomen.es\\\/ca\\\/collita-arros\\\/#primaryimage\",\"url\":\"https:\\\/\\\/nomen.es\\\/wp-content\\\/uploads\\\/2021\\\/09\\\/cosecha-arroz.jpg\",\"contentUrl\":\"https:\\\/\\\/nomen.es\\\/wp-content\\\/uploads\\\/2021\\\/09\\\/cosecha-arroz.jpg\",\"width\":900,\"height\":600,\"caption\":\"Cultiu de l'arr\u00f2s\"},{\"@type\":\"BreadcrumbList\",\"@id\":\"https:\\\/\\\/nomen.es\\\/ca\\\/collita-arros\\\/#breadcrumb\",\"itemListElement\":[{\"@type\":\"ListItem\",\"position\":1,\"name\":\"Portada\",\"item\":\"https:\\\/\\\/nomen.es\\\/ca\\\/\"},{\"@type\":\"ListItem\",\"position\":2,\"name\":\"Collita Nomen, \u00e9s temps de recollida\"}]},{\"@type\":\"WebSite\",\"@id\":\"https:\\\/\\\/nomen.es\\\/#website\",\"url\":\"https:\\\/\\\/nomen.es\\\/\",\"name\":\"Nomen\",\"description\":\"Mucho m\u00e1s que arroz\",\"potentialAction\":[{\"@type\":\"SearchAction\",\"target\":{\"@type\":\"EntryPoint\",\"urlTemplate\":\"https:\\\/\\\/nomen.es\\\/?s={search_term_string}\"},\"query-input\":{\"@type\":\"PropertyValueSpecification\",\"valueRequired\":true,\"valueName\":\"search_term_string\"}}],\"inLanguage\":\"ca\"},{\"@type\":\"Person\",\"@id\":\"https:\\\/\\\/nomen.es\\\/#\\\/schema\\\/person\\\/e05dca4ee822516d2b98d8c40d7c7936\",\"name\":\"Nomen\",\"image\":{\"@type\":\"ImageObject\",\"inLanguage\":\"ca\",\"@id\":\"https:\\\/\\\/secure.gravatar.com\\\/avatar\\\/9706332b7e0d915e91c32e7737d8b5aea989a8aa0f5a11d27cdf2acb64563170?s=96&d=mm&r=g\",\"url\":\"https:\\\/\\\/secure.gravatar.com\\\/avatar\\\/9706332b7e0d915e91c32e7737d8b5aea989a8aa0f5a11d27cdf2acb64563170?s=96&d=mm&r=g\",\"contentUrl\":\"https:\\\/\\\/secure.gravatar.com\\\/avatar\\\/9706332b7e0d915e91c32e7737d8b5aea989a8aa0f5a11d27cdf2acb64563170?s=96&d=mm&r=g\",\"caption\":\"Nomen\"}}]}<\/script>\n<!-- \/ Yoast SEO plugin. -->","yoast_head_json":{"title":"Collita Nomen, \u00e9s temps de recollida - Nomen","description":"A Nomen estem de festa: ha comen\u00e7at la collita de l\u2019arr\u00f2s! T\u2019expliquem com fem possible que el millor arr\u00f2s arribi a la teva taula des dels nostres camps.","robots":{"index":"index","follow":"follow","max-snippet":"max-snippet:-1","max-image-preview":"max-image-preview:large","max-video-preview":"max-video-preview:-1"},"canonical":"https:\/\/nomen.es\/ca\/collita-arros\/","og_locale":"ca_ES","og_type":"article","og_title":"Collita Nomen, \u00e9s temps de recollida - Nomen","og_description":"A Nomen estem de festa: ha comen\u00e7at la collita de l\u2019arr\u00f2s! T\u2019expliquem com fem possible que el millor arr\u00f2s arribi a la teva taula des dels nostres camps.","og_url":"https:\/\/nomen.es\/ca\/collita-arros\/","og_site_name":"Nomen","article_published_time":"2021-09-01T07:23:24+00:00","og_image":[{"width":900,"height":600,"url":"https:\/\/nomen.es\/wp-content\/uploads\/2021\/09\/cosecha-arroz.jpg","type":"image\/jpeg"}],"author":"Nomen","twitter_misc":{"Escrit per":"Nomen","Temps estimat de lectura":"3 minuts"},"schema":{"@context":"https:\/\/schema.org","@graph":[{"@type":"Article","@id":"https:\/\/nomen.es\/ca\/collita-arros\/#article","isPartOf":{"@id":"https:\/\/nomen.es\/ca\/collita-arros\/"},"author":{"name":"Nomen","@id":"https:\/\/nomen.es\/#\/schema\/person\/e05dca4ee822516d2b98d8c40d7c7936"},"headline":"Collita Nomen, \u00e9s temps de recollida","datePublished":"2021-09-01T07:23:24+00:00","mainEntityOfPage":{"@id":"https:\/\/nomen.es\/ca\/collita-arros\/"},"wordCount":710,"commentCount":0,"image":{"@id":"https:\/\/nomen.es\/ca\/collita-arros\/#primaryimage"},"thumbnailUrl":"https:\/\/nomen.es\/wp-content\/uploads\/2021\/09\/cosecha-arroz.jpg","articleSection":["Sostenibilitat"],"inLanguage":"ca","potentialAction":[{"@type":"CommentAction","name":"Comment","target":["https:\/\/nomen.es\/ca\/collita-arros\/#respond"]}]},{"@type":"WebPage","@id":"https:\/\/nomen.es\/ca\/collita-arros\/","url":"https:\/\/nomen.es\/ca\/collita-arros\/","name":"Collita Nomen, \u00e9s temps de recollida - Nomen","isPartOf":{"@id":"https:\/\/nomen.es\/#website"},"primaryImageOfPage":{"@id":"https:\/\/nomen.es\/ca\/collita-arros\/#primaryimage"},"image":{"@id":"https:\/\/nomen.es\/ca\/collita-arros\/#primaryimage"},"thumbnailUrl":"https:\/\/nomen.es\/wp-content\/uploads\/2021\/09\/cosecha-arroz.jpg","datePublished":"2021-09-01T07:23:24+00:00","author":{"@id":"https:\/\/nomen.es\/#\/schema\/person\/e05dca4ee822516d2b98d8c40d7c7936"},"description":"A Nomen estem de festa: ha comen\u00e7at la collita de l\u2019arr\u00f2s! T\u2019expliquem com fem possible que el millor arr\u00f2s arribi a la teva taula des dels nostres camps.","breadcrumb":{"@id":"https:\/\/nomen.es\/ca\/collita-arros\/#breadcrumb"},"inLanguage":"ca","potentialAction":[{"@type":"ReadAction","target":["https:\/\/nomen.es\/ca\/collita-arros\/"]}]},{"@type":"ImageObject","inLanguage":"ca","@id":"https:\/\/nomen.es\/ca\/collita-arros\/#primaryimage","url":"https:\/\/nomen.es\/wp-content\/uploads\/2021\/09\/cosecha-arroz.jpg","contentUrl":"https:\/\/nomen.es\/wp-content\/uploads\/2021\/09\/cosecha-arroz.jpg","width":900,"height":600,"caption":"Cultiu de l'arr\u00f2s"},{"@type":"BreadcrumbList","@id":"https:\/\/nomen.es\/ca\/collita-arros\/#breadcrumb","itemListElement":[{"@type":"ListItem","position":1,"name":"Portada","item":"https:\/\/nomen.es\/ca\/"},{"@type":"ListItem","position":2,"name":"Collita Nomen, \u00e9s temps de recollida"}]},{"@type":"WebSite","@id":"https:\/\/nomen.es\/#website","url":"https:\/\/nomen.es\/","name":"Nomen","description":"Mucho m\u00e1s que arroz","potentialAction":[{"@type":"SearchAction","target":{"@type":"EntryPoint","urlTemplate":"https:\/\/nomen.es\/?s={search_term_string}"},"query-input":{"@type":"PropertyValueSpecification","valueRequired":true,"valueName":"search_term_string"}}],"inLanguage":"ca"},{"@type":"Person","@id":"https:\/\/nomen.es\/#\/schema\/person\/e05dca4ee822516d2b98d8c40d7c7936","name":"Nomen","image":{"@type":"ImageObject","inLanguage":"ca","@id":"https:\/\/secure.gravatar.com\/avatar\/9706332b7e0d915e91c32e7737d8b5aea989a8aa0f5a11d27cdf2acb64563170?s=96&d=mm&r=g","url":"https:\/\/secure.gravatar.com\/avatar\/9706332b7e0d915e91c32e7737d8b5aea989a8aa0f5a11d27cdf2acb64563170?s=96&d=mm&r=g","contentUrl":"https:\/\/secure.gravatar.com\/avatar\/9706332b7e0d915e91c32e7737d8b5aea989a8aa0f5a11d27cdf2acb64563170?s=96&d=mm&r=g","caption":"Nomen"}}]}},"_links":{"self":[{"href":"https:\/\/nomen.es\/ca\/wp-json\/wp\/v2\/posts\/12816","targetHints":{"allow":["GET"]}}],"collection":[{"href":"https:\/\/nomen.es\/ca\/wp-json\/wp\/v2\/posts"}],"about":[{"href":"https:\/\/nomen.es\/ca\/wp-json\/wp\/v2\/types\/post"}],"author":[{"embeddable":true,"href":"https:\/\/nomen.es\/ca\/wp-json\/wp\/v2\/users\/2"}],"replies":[{"embeddable":true,"href":"https:\/\/nomen.es\/ca\/wp-json\/wp\/v2\/comments?post=12816"}],"version-history":[{"count":0,"href":"https:\/\/nomen.es\/ca\/wp-json\/wp\/v2\/posts\/12816\/revisions"}],"wp:featuredmedia":[{"embeddable":true,"href":"https:\/\/nomen.es\/ca\/wp-json\/wp\/v2\/media\/12814"}],"wp:attachment":[{"href":"https:\/\/nomen.es\/ca\/wp-json\/wp\/v2\/media?parent=12816"}],"wp:term":[{"taxonomy":"category","embeddable":true,"href":"https:\/\/nomen.es\/ca\/wp-json\/wp\/v2\/categories?post=12816"},{"taxonomy":"post_tag","embeddable":true,"href":"https:\/\/nomen.es\/ca\/wp-json\/wp\/v2\/tags?post=12816"}],"curies":[{"name":"wp","href":"https:\/\/api.w.org\/{rel}","templated":true}]}}