{"id":13623,"date":"2022-03-24T18:50:57","date_gmt":"2022-03-24T16:50:57","guid":{"rendered":"https:\/\/nomen.es\/?p=13623"},"modified":"2022-03-24T19:00:25","modified_gmt":"2022-03-24T17:00:25","slug":"fideua-a-la-carta","status":"publish","type":"post","link":"https:\/\/nomen.es\/ca\/fideua-a-la-carta\/","title":{"rendered":"Fideu\u00e0 a la carta, la millor recepta per a un \u00e0pat r\u00e0pid, saludable i delici\u00f3s"},"content":{"rendered":"<p>Qu\u00e8 necessites per preparar una bona fideu\u00e0? Per comen\u00e7ar, fideus. Despr\u00e9s, un bon brou (a poder ser, casol\u00e0) i finalment, algun ingredient com s\u00edpia o calamar, llagostins o gambes, pollastre&#8230; No sempre tens tots aquests ingredients a casa, o potser et ve de gust <strong>un plat una mica m\u00e9s lleuger<\/strong>, o en prefereixes <strong>una versi\u00f3 vegetariana sense prote\u00efnes animals<\/strong>.<\/p>\n<p><strong>I si la cuines amb bolets?<\/strong> Els bolets s\u00f3n aptes per a una dieta vegetariana i <strong>aporten molts beneficis saludables<\/strong>. Per exemple, ofereixen <strong>prote\u00efnes vegetals<\/strong> d\u2019alta qualitat, s\u00f3n riques en <strong>fibra i vitamines<\/strong> i tenen un <strong>baix \u00edndex cal\u00f2ric<\/strong>. Per\u00f2 \u00e9s hivern&#8230; i a l\u2019hivern no hi ha bolets de temporada. Cap problema! A Nomen tenim la soluci\u00f3: les nostres <a href=\"https:\/\/nomen.es\/ca\/productes-nomen\/nomen-a-la-carta\/\">fideu\u00e0s a la carta<\/a>.<\/p>\n<h2>Per qu\u00e8 escollir la fideu\u00e1 a la carta de Nomen?<\/h2>\n<p>Per molts motius, els principals, aquests 10:<\/p>\n<h3>1. Estan bon\u00edssimes<\/h3>\n<p>Perqu\u00e8 a Nomen fem servir <strong>ingredients de primera qualitat<\/strong>, des dels mateixos <strong>bolets deshidratats<\/strong> fins a les <strong>verdures<\/strong> amb les que fem el brou (ceba, pastanaga, col, porro i tom\u00e0quet), que despr\u00e9s tamb\u00e9 es deshidrata. I, per suposat, els <strong>fideus<\/strong> de blat dur de <strong>qualitat extra<\/strong>.<\/p>\n<h3>2. S\u00f3n molt f\u00e0cils de preparar<\/h3>\n<p>Perqu\u00e8 no necessites res m\u00e9s que una paella, posar-hi el contingut de l\u2019env\u00e0s de <a href=\"https:\/\/nomen.es\/ca\/productes-nomen\/nomen-a-la-carta\/\">Nomen a la carta<\/a> i llestos! Sense haver de pensar quins ingredients necessites, sense haver d\u2019anar a comprar, sense haver de rentar, tallar ni preparar res. Nom\u00e9s has de sofregir els fideus 30 segons, regar-los amb vi blanc i despr\u00e9s cobrir-los amb aigua calenta.<\/p>\n<h3>3. Estan a punt en nom\u00e9s 15 minuts<\/h3>\n<p>Sembla mentida que una recepta tan deliciosa pugui estar a punt en tan poc temps. Per\u00f2 aix\u00ed \u00e9s. Una vegada hagis afegit l\u2019aigua als fideus,<strong> seguint les indicacions del paquet, <\/strong>nom\u00e9s haur\u00e0s d\u2019esperar 15 minuts per comen\u00e7ar a menjar. A m\u00e9s, no embrutar\u00e0s quasi res, nom\u00e9s la paella, aix\u00ed que despr\u00e9s podr\u00e0s recollir la cuina en un segon.<\/p>\n<h3>4. No necessites ingredients extra<\/h3>\n<p>Nom\u00e9s un parell de b\u00e0sics:<strong> oli d\u2019oliva o mantega<\/strong> per engreixar lleugerament la paella abans d\u2019afegir-hi els fideus, mig got de <strong>vi blanc i aigua<\/strong>. Aix\u00f2 s\u00ed, l\u2019aigua ha d\u2019estar calenta, per a no tallar la cocci\u00f3 dels fideus.<\/p>\n<h3>5. Sempre la tens a m\u00e0 al rebost<\/h3>\n<p>El packaging de les fideu\u00e0s a la carta de Nomen \u00e9s ideal per a guardar-ne varies a qualsevol rac\u00f3 del rebost, sempre que sigui fresc i sec. V\u00e9nen en <strong>paquets de 250 grams, perfectes per a 2 o 3 racions<\/strong>, envasats en <strong>cartr\u00f3 100% reciclable<\/strong> amb certificat FSC de cadena de cust\u00f2dia procedent de boscos sostenibles. El paquet \u00e9s rectangular i pots guardar-lo tant en horitzontal com en vertical (aix\u00ed quedar\u00e0 com si fos un llibre, i a m\u00e9s en el lateral indica quina varietat \u00e9s, per a que la localitzis r\u00e0pid). Perqu\u00e8 cada varietat de <a href=\"https:\/\/nomen.es\/ca\/productes-nomen\/nomen-a-la-carta\/\">Nomen a la carta<\/a> (n\u2019hi ha 6, 2 fideu\u00e0s, 3 risottos i 1 s\u00e8mola de verdures) t\u00e9 un color diferent al lateral de la caixa.<\/p>\n<p><img decoding=\"async\" class=\"aligncenter size-full wp-image-13239\" src=\"https:\/\/nomen.es\/wp-content\/uploads\/2022\/02\/fideua-a-la-carta-nomen.jpg\" alt=\"Fideu\u00e0 a la carta\" width=\"900\" height=\"600\" \/><\/p>\n<h3>6. S\u00f3n una recepta ideal tant per al dinar com per al sopar<\/h3>\n<p>Tot i que poden ser un <strong>plat \u00fanic<\/strong>, pots acompanyar-les amb un entrant lleuger, com una amanida o una crema de verdures. Tingues en compte que nom\u00e9s aporten <strong>316 calories\/100 grams<\/strong>, aix\u00ed que pots gaudir d\u2019un plat delici\u00f3s, complet i saludable sense haver de patir per la dieta.<\/p>\n<h3>7. Les pots portar en tupper a la feina<\/h3>\n<p>I tant! Prepares la fideu\u00e0 la nit anterior, la poses en un tupper, esperes a qu\u00e8 es refredi i despr\u00e9s la guardes a la nevera fins l\u2019endem\u00e0. Nom\u00e9s calentant-la <strong>uns minuts al microones<\/strong> tornar\u00e0 a estar com acabada de fer.<\/p>\n<h3>8. Les pots personalitzar al teu gust<\/h3>\n<p>Per suposat, si vols, pots afegir a la teva <a href=\"https:\/\/nomen.es\/ca\/productes-nomen\/nomen-a-la-carta\/\">fideu\u00e0 a la carta Nomen<\/a> altres ingredients per a aconseguir una recepta m\u00e9s teva i \u00fanica. Per exemple, unes <strong>anelles de calamar o uns daus de s\u00edpia<\/strong> saltats, unes <strong>gambes<\/strong> o uns <strong>llagostins<\/strong> pelats (si els afegeixes uns 4 o 5 minuts abans d\u2019acabar la cocci\u00f3, pelats i nets, ser\u00e0 temps suficient per a qu\u00e8 es coguin). Ets m\u00e9s de terra? Afegeix a la teva fideu\u00e0 uns <strong>daus de pollastre<\/strong> marcats a la planxa, o una mica de conill o de salsitxa fresca. Altres ingredients que hi van genial s\u00f3n la <strong>carxofa<\/strong>, els <strong>xampinyons<\/strong>, els <strong>p\u00e8sols<\/strong>&#8230;<\/p>\n<h3>9. S\u00f3n la soluci\u00f3 f\u00e0cil i c\u00f2mode quan tens convidats<\/h3>\n<p>La fideu\u00e0 \u00e9s un <strong>plat t\u00edpic de la nostra gastronomia<\/strong> que s\u2019adapta a qualsevol moment. Pot ser un <strong>plat de diari<\/strong> ideal o una <strong>recepta de festa<\/strong> si v\u00e9nen amics o familiars a casa. Com que cada paquet \u00e9s per a 2 o 3 persones, fes comptes dels que sou i cuina tants paquets com sigui necessari. Amb un bon aperitiu abans de la fideu\u00e0 a la carta Nomen no haur\u00e0s de cuinar res m\u00e9s.<\/p>\n<h3>10. Tens 2 gustos per escollir<\/h3>\n<p>Trobar\u00e0s l<a href=\"https:\/\/nomen.es\/ca\/productes-nomen\/nomen-a-la-carta\/\">a nostra fideu\u00e0 a la carta<\/a> <strong>disponible en dos gustos<\/strong>: fideu\u00e0 barreja de bolets (rossinyol, trompeta groga, trompeta negra, cep i moixern\u00f3) i fideu\u00e0 de boletus, considerat el rei dels bolets, \u00e9s un dels bolets comestibles m\u00e9s apreciats a la cuina gr\u00e0cies al seu intens i delici\u00f3s gust, la seva textura suau i el seu delicat aroma a avellana. Una vegada hagis acabat de cuinar la fideu\u00e0, <strong>si vols que el resultat sigui m\u00e9s crem\u00f3s<\/strong>, pots afegir-hi una nou de mantega i remenar, o unes llenques de parmes\u00e0.<\/p>\n","protected":false},"excerpt":{"rendered":"<p>Si nom\u00e9s tens 15 minuts per a preparar el dinar o el sopar, escull les fideu\u00e0s a la carta Nomen i tindr\u00e0s una recepta deliciosa, nutritiva i completa en un temps r\u00e8cord.<\/p>\n","protected":false},"author":2,"featured_media":13615,"comment_status":"open","ping_status":"open","sticky":false,"template":"","format":"standard","meta":{"_acf_changed":false,"_et_pb_use_builder":"","_et_pb_old_content":"","_et_gb_content_width":"","inline_featured_image":false,"footnotes":""},"categories":[146,1081],"tags":[],"class_list":["post-13623","post","type-post","status-publish","format-standard","has-post-thumbnail","hentry","category-cuina","category-cocina-ca"],"acf":[],"yoast_head":"<!-- This site is optimized with the Yoast SEO plugin v27.5 - https:\/\/yoast.com\/product\/yoast-seo-wordpress\/ -->\n<title>Fideu\u00e0 a la carta, la millor recepta per a un \u00e0pat r\u00e0pid, saludable i delici\u00f3s - Nomen<\/title>\n<meta name=\"robots\" content=\"index, follow, max-snippet:-1, max-image-preview:large, max-video-preview:-1\" \/>\n<link rel=\"canonical\" href=\"https:\/\/nomen.es\/fideua-a-la-carta\/\" \/>\n<meta property=\"og:locale\" content=\"ca_ES\" \/>\n<meta property=\"og:type\" content=\"article\" \/>\n<meta property=\"og:title\" content=\"Fideu\u00e0 a la carta, la millor recepta per a un \u00e0pat r\u00e0pid, saludable i delici\u00f3s - Nomen\" \/>\n<meta property=\"og:description\" content=\"Si nom\u00e9s tens 15 minuts per a preparar el dinar o el sopar, escull les fideu\u00e0s a la carta Nomen i tindr\u00e0s una recepta deliciosa, nutritiva i completa en un temps r\u00e8cord.\" \/>\n<meta property=\"og:url\" content=\"https:\/\/nomen.es\/fideua-a-la-carta\/\" \/>\n<meta property=\"og:site_name\" content=\"Nomen\" \/>\n<meta property=\"article:published_time\" content=\"2022-03-24T16:50:57+00:00\" \/>\n<meta property=\"article:modified_time\" content=\"2022-03-24T17:00:25+00:00\" \/>\n<meta property=\"og:image\" content=\"https:\/\/nomen.es\/wp-content\/uploads\/2022\/03\/fideua-a-la-carta-consejos.jpeg\" \/>\n\t<meta property=\"og:image:width\" content=\"900\" \/>\n\t<meta property=\"og:image:height\" content=\"600\" \/>\n\t<meta property=\"og:image:type\" content=\"image\/jpeg\" \/>\n<meta name=\"author\" content=\"Nomen\" \/>\n<meta name=\"twitter:label1\" content=\"Escrit per\" \/>\n\t<meta name=\"twitter:data1\" content=\"Nomen\" \/>\n\t<meta name=\"twitter:label2\" content=\"Temps estimat de lectura\" \/>\n\t<meta name=\"twitter:data2\" content=\"5 minuts\" \/>\n<script type=\"application\/ld+json\" class=\"yoast-schema-graph\">{\"@context\":\"https:\\\/\\\/schema.org\",\"@graph\":[{\"@type\":\"Article\",\"@id\":\"https:\\\/\\\/nomen.es\\\/fideua-a-la-carta\\\/#article\",\"isPartOf\":{\"@id\":\"https:\\\/\\\/nomen.es\\\/fideua-a-la-carta\\\/\"},\"author\":{\"name\":\"Nomen\",\"@id\":\"https:\\\/\\\/nomen.es\\\/#\\\/schema\\\/person\\\/e05dca4ee822516d2b98d8c40d7c7936\"},\"headline\":\"Fideu\u00e0 a la carta, la millor recepta per a un \u00e0pat r\u00e0pid, saludable i delici\u00f3s\",\"datePublished\":\"2022-03-24T16:50:57+00:00\",\"dateModified\":\"2022-03-24T17:00:25+00:00\",\"mainEntityOfPage\":{\"@id\":\"https:\\\/\\\/nomen.es\\\/fideua-a-la-carta\\\/\"},\"wordCount\":958,\"commentCount\":0,\"image\":{\"@id\":\"https:\\\/\\\/nomen.es\\\/fideua-a-la-carta\\\/#primaryimage\"},\"thumbnailUrl\":\"https:\\\/\\\/nomen.es\\\/wp-content\\\/uploads\\\/2022\\\/03\\\/fideua-a-la-carta-consejos.jpeg\",\"articleSection\":[\"Cuina\",\"Cocina\"],\"inLanguage\":\"ca\",\"potentialAction\":[{\"@type\":\"CommentAction\",\"name\":\"Comment\",\"target\":[\"https:\\\/\\\/nomen.es\\\/fideua-a-la-carta\\\/#respond\"]}]},{\"@type\":\"WebPage\",\"@id\":\"https:\\\/\\\/nomen.es\\\/fideua-a-la-carta\\\/\",\"url\":\"https:\\\/\\\/nomen.es\\\/fideua-a-la-carta\\\/\",\"name\":\"Fideu\u00e0 a la carta, la millor recepta per a un \u00e0pat r\u00e0pid, saludable i delici\u00f3s - Nomen\",\"isPartOf\":{\"@id\":\"https:\\\/\\\/nomen.es\\\/#website\"},\"primaryImageOfPage\":{\"@id\":\"https:\\\/\\\/nomen.es\\\/fideua-a-la-carta\\\/#primaryimage\"},\"image\":{\"@id\":\"https:\\\/\\\/nomen.es\\\/fideua-a-la-carta\\\/#primaryimage\"},\"thumbnailUrl\":\"https:\\\/\\\/nomen.es\\\/wp-content\\\/uploads\\\/2022\\\/03\\\/fideua-a-la-carta-consejos.jpeg\",\"datePublished\":\"2022-03-24T16:50:57+00:00\",\"dateModified\":\"2022-03-24T17:00:25+00:00\",\"author\":{\"@id\":\"https:\\\/\\\/nomen.es\\\/#\\\/schema\\\/person\\\/e05dca4ee822516d2b98d8c40d7c7936\"},\"breadcrumb\":{\"@id\":\"https:\\\/\\\/nomen.es\\\/fideua-a-la-carta\\\/#breadcrumb\"},\"inLanguage\":\"ca\",\"potentialAction\":[{\"@type\":\"ReadAction\",\"target\":[\"https:\\\/\\\/nomen.es\\\/fideua-a-la-carta\\\/\"]}]},{\"@type\":\"ImageObject\",\"inLanguage\":\"ca\",\"@id\":\"https:\\\/\\\/nomen.es\\\/fideua-a-la-carta\\\/#primaryimage\",\"url\":\"https:\\\/\\\/nomen.es\\\/wp-content\\\/uploads\\\/2022\\\/03\\\/fideua-a-la-carta-consejos.jpeg\",\"contentUrl\":\"https:\\\/\\\/nomen.es\\\/wp-content\\\/uploads\\\/2022\\\/03\\\/fideua-a-la-carta-consejos.jpeg\",\"width\":900,\"height\":600,\"caption\":\"Fideu\u00e0 a la carta\"},{\"@type\":\"BreadcrumbList\",\"@id\":\"https:\\\/\\\/nomen.es\\\/fideua-a-la-carta\\\/#breadcrumb\",\"itemListElement\":[{\"@type\":\"ListItem\",\"position\":1,\"name\":\"Portada\",\"item\":\"https:\\\/\\\/nomen.es\\\/ca\\\/\"},{\"@type\":\"ListItem\",\"position\":2,\"name\":\"Fideu\u00e0 a la carta, la millor recepta per a un \u00e0pat r\u00e0pid, saludable i delici\u00f3s\"}]},{\"@type\":\"WebSite\",\"@id\":\"https:\\\/\\\/nomen.es\\\/#website\",\"url\":\"https:\\\/\\\/nomen.es\\\/\",\"name\":\"Nomen\",\"description\":\"Mucho m\u00e1s que arroz\",\"potentialAction\":[{\"@type\":\"SearchAction\",\"target\":{\"@type\":\"EntryPoint\",\"urlTemplate\":\"https:\\\/\\\/nomen.es\\\/?s={search_term_string}\"},\"query-input\":{\"@type\":\"PropertyValueSpecification\",\"valueRequired\":true,\"valueName\":\"search_term_string\"}}],\"inLanguage\":\"ca\"},{\"@type\":\"Person\",\"@id\":\"https:\\\/\\\/nomen.es\\\/#\\\/schema\\\/person\\\/e05dca4ee822516d2b98d8c40d7c7936\",\"name\":\"Nomen\",\"image\":{\"@type\":\"ImageObject\",\"inLanguage\":\"ca\",\"@id\":\"https:\\\/\\\/secure.gravatar.com\\\/avatar\\\/9706332b7e0d915e91c32e7737d8b5aea989a8aa0f5a11d27cdf2acb64563170?s=96&d=mm&r=g\",\"url\":\"https:\\\/\\\/secure.gravatar.com\\\/avatar\\\/9706332b7e0d915e91c32e7737d8b5aea989a8aa0f5a11d27cdf2acb64563170?s=96&d=mm&r=g\",\"contentUrl\":\"https:\\\/\\\/secure.gravatar.com\\\/avatar\\\/9706332b7e0d915e91c32e7737d8b5aea989a8aa0f5a11d27cdf2acb64563170?s=96&d=mm&r=g\",\"caption\":\"Nomen\"}}]}<\/script>\n<!-- \/ Yoast SEO plugin. -->","yoast_head_json":{"title":"Fideu\u00e0 a la carta, la millor recepta per a un \u00e0pat r\u00e0pid, saludable i delici\u00f3s - Nomen","robots":{"index":"index","follow":"follow","max-snippet":"max-snippet:-1","max-image-preview":"max-image-preview:large","max-video-preview":"max-video-preview:-1"},"canonical":"https:\/\/nomen.es\/fideua-a-la-carta\/","og_locale":"ca_ES","og_type":"article","og_title":"Fideu\u00e0 a la carta, la millor recepta per a un \u00e0pat r\u00e0pid, saludable i delici\u00f3s - Nomen","og_description":"Si nom\u00e9s tens 15 minuts per a preparar el dinar o el sopar, escull les fideu\u00e0s a la carta Nomen i tindr\u00e0s una recepta deliciosa, nutritiva i completa en un temps r\u00e8cord.","og_url":"https:\/\/nomen.es\/fideua-a-la-carta\/","og_site_name":"Nomen","article_published_time":"2022-03-24T16:50:57+00:00","article_modified_time":"2022-03-24T17:00:25+00:00","og_image":[{"width":900,"height":600,"url":"https:\/\/nomen.es\/wp-content\/uploads\/2022\/03\/fideua-a-la-carta-consejos.jpeg","type":"image\/jpeg"}],"author":"Nomen","twitter_misc":{"Escrit per":"Nomen","Temps estimat de lectura":"5 minuts"},"schema":{"@context":"https:\/\/schema.org","@graph":[{"@type":"Article","@id":"https:\/\/nomen.es\/fideua-a-la-carta\/#article","isPartOf":{"@id":"https:\/\/nomen.es\/fideua-a-la-carta\/"},"author":{"name":"Nomen","@id":"https:\/\/nomen.es\/#\/schema\/person\/e05dca4ee822516d2b98d8c40d7c7936"},"headline":"Fideu\u00e0 a la carta, la millor recepta per a un \u00e0pat r\u00e0pid, saludable i delici\u00f3s","datePublished":"2022-03-24T16:50:57+00:00","dateModified":"2022-03-24T17:00:25+00:00","mainEntityOfPage":{"@id":"https:\/\/nomen.es\/fideua-a-la-carta\/"},"wordCount":958,"commentCount":0,"image":{"@id":"https:\/\/nomen.es\/fideua-a-la-carta\/#primaryimage"},"thumbnailUrl":"https:\/\/nomen.es\/wp-content\/uploads\/2022\/03\/fideua-a-la-carta-consejos.jpeg","articleSection":["Cuina","Cocina"],"inLanguage":"ca","potentialAction":[{"@type":"CommentAction","name":"Comment","target":["https:\/\/nomen.es\/fideua-a-la-carta\/#respond"]}]},{"@type":"WebPage","@id":"https:\/\/nomen.es\/fideua-a-la-carta\/","url":"https:\/\/nomen.es\/fideua-a-la-carta\/","name":"Fideu\u00e0 a la carta, la millor recepta per a un \u00e0pat r\u00e0pid, saludable i delici\u00f3s - Nomen","isPartOf":{"@id":"https:\/\/nomen.es\/#website"},"primaryImageOfPage":{"@id":"https:\/\/nomen.es\/fideua-a-la-carta\/#primaryimage"},"image":{"@id":"https:\/\/nomen.es\/fideua-a-la-carta\/#primaryimage"},"thumbnailUrl":"https:\/\/nomen.es\/wp-content\/uploads\/2022\/03\/fideua-a-la-carta-consejos.jpeg","datePublished":"2022-03-24T16:50:57+00:00","dateModified":"2022-03-24T17:00:25+00:00","author":{"@id":"https:\/\/nomen.es\/#\/schema\/person\/e05dca4ee822516d2b98d8c40d7c7936"},"breadcrumb":{"@id":"https:\/\/nomen.es\/fideua-a-la-carta\/#breadcrumb"},"inLanguage":"ca","potentialAction":[{"@type":"ReadAction","target":["https:\/\/nomen.es\/fideua-a-la-carta\/"]}]},{"@type":"ImageObject","inLanguage":"ca","@id":"https:\/\/nomen.es\/fideua-a-la-carta\/#primaryimage","url":"https:\/\/nomen.es\/wp-content\/uploads\/2022\/03\/fideua-a-la-carta-consejos.jpeg","contentUrl":"https:\/\/nomen.es\/wp-content\/uploads\/2022\/03\/fideua-a-la-carta-consejos.jpeg","width":900,"height":600,"caption":"Fideu\u00e0 a la carta"},{"@type":"BreadcrumbList","@id":"https:\/\/nomen.es\/fideua-a-la-carta\/#breadcrumb","itemListElement":[{"@type":"ListItem","position":1,"name":"Portada","item":"https:\/\/nomen.es\/ca\/"},{"@type":"ListItem","position":2,"name":"Fideu\u00e0 a la carta, la millor recepta per a un \u00e0pat r\u00e0pid, saludable i delici\u00f3s"}]},{"@type":"WebSite","@id":"https:\/\/nomen.es\/#website","url":"https:\/\/nomen.es\/","name":"Nomen","description":"Mucho m\u00e1s que arroz","potentialAction":[{"@type":"SearchAction","target":{"@type":"EntryPoint","urlTemplate":"https:\/\/nomen.es\/?s={search_term_string}"},"query-input":{"@type":"PropertyValueSpecification","valueRequired":true,"valueName":"search_term_string"}}],"inLanguage":"ca"},{"@type":"Person","@id":"https:\/\/nomen.es\/#\/schema\/person\/e05dca4ee822516d2b98d8c40d7c7936","name":"Nomen","image":{"@type":"ImageObject","inLanguage":"ca","@id":"https:\/\/secure.gravatar.com\/avatar\/9706332b7e0d915e91c32e7737d8b5aea989a8aa0f5a11d27cdf2acb64563170?s=96&d=mm&r=g","url":"https:\/\/secure.gravatar.com\/avatar\/9706332b7e0d915e91c32e7737d8b5aea989a8aa0f5a11d27cdf2acb64563170?s=96&d=mm&r=g","contentUrl":"https:\/\/secure.gravatar.com\/avatar\/9706332b7e0d915e91c32e7737d8b5aea989a8aa0f5a11d27cdf2acb64563170?s=96&d=mm&r=g","caption":"Nomen"}}]}},"_links":{"self":[{"href":"https:\/\/nomen.es\/ca\/wp-json\/wp\/v2\/posts\/13623","targetHints":{"allow":["GET"]}}],"collection":[{"href":"https:\/\/nomen.es\/ca\/wp-json\/wp\/v2\/posts"}],"about":[{"href":"https:\/\/nomen.es\/ca\/wp-json\/wp\/v2\/types\/post"}],"author":[{"embeddable":true,"href":"https:\/\/nomen.es\/ca\/wp-json\/wp\/v2\/users\/2"}],"replies":[{"embeddable":true,"href":"https:\/\/nomen.es\/ca\/wp-json\/wp\/v2\/comments?post=13623"}],"version-history":[{"count":0,"href":"https:\/\/nomen.es\/ca\/wp-json\/wp\/v2\/posts\/13623\/revisions"}],"wp:featuredmedia":[{"embeddable":true,"href":"https:\/\/nomen.es\/ca\/wp-json\/wp\/v2\/media\/13615"}],"wp:attachment":[{"href":"https:\/\/nomen.es\/ca\/wp-json\/wp\/v2\/media?parent=13623"}],"wp:term":[{"taxonomy":"category","embeddable":true,"href":"https:\/\/nomen.es\/ca\/wp-json\/wp\/v2\/categories?post=13623"},{"taxonomy":"post_tag","embeddable":true,"href":"https:\/\/nomen.es\/ca\/wp-json\/wp\/v2\/tags?post=13623"}],"curies":[{"name":"wp","href":"https:\/\/api.w.org\/{rel}","templated":true}]}}