{"id":13632,"date":"2022-03-24T18:56:39","date_gmt":"2022-03-24T16:56:39","guid":{"rendered":"https:\/\/nomen.es\/?p=13632"},"modified":"2022-03-24T19:00:33","modified_gmt":"2022-03-24T17:00:33","slug":"com-es-fa-larros-blanc","status":"publish","type":"post","link":"https:\/\/nomen.es\/ca\/com-es-fa-larros-blanc\/","title":{"rendered":"Com es fa l&#8217;arr\u00f2s blanc?"},"content":{"rendered":"<p><strong>L\u2019arr\u00f2s \u00e9s el gran comod\u00ed de la cuina. <\/strong>Perqu\u00e8 hi ha pocs aliments que tinguin la capacitat de convertir-se en l\u2019ingredient principal d\u2019una recepta (com fa l\u2019arr\u00f2s en una <a href=\"https:\/\/nomen.es\/ca\/paelles-verdures-carn-peix\/\">paella<\/a>, en els <a href=\"https:\/\/nomen.es\/ca\/arros-caldos-mar-muntanya\/\">arrossos caldosos<\/a> o en el <a href=\"https:\/\/nomen.es\/ca\/risotto-diumenge\/\">risotto<\/a>) o quedar-se en un segon pla i acompanyar altres preparacions, com una guarnici\u00f3 perfecta.<\/p>\n<p>Avui parlarem d\u2019aquest segon rol de l\u2019arr\u00f2s, l\u2019arr\u00f2s que anomenem blanc, perqu\u00e8 simplement \u00e9s cuit, res m\u00e9s<strong>. \u00c9s l\u2019arr\u00f2s ideal per a acompanyar plats de carn o de peix, la base de l\u2019arr\u00f2s a la cubana, dels saltats d\u2019arr\u00f2s&#8230;<\/strong> A priori, sembla que no ha de ser dif\u00edcil de fer, per\u00f2 una vegada t\u2019hi poses, sorgeixen les preguntes i els problemes. Quanta aigua li poso? Oli s\u00ed o no? I la sal? El poso quan l\u2019aigua ja bulli o en fred? El remeno? No el remeno? Tapo la cassola?<\/p>\n<p>Moltes preguntes que resoldrem en aquest post. Tot i que ja t\u2019ho avancem: <strong>no existeix una \u00fanica f\u00f2rmula perfecta per fer arr\u00f2s blanc<\/strong>. Dep\u00e8n de l\u2019arr\u00f2s que facis servir, de si el vols molt solt o m\u00e9s past\u00f3s&#8230; i al final, cada cuiner el fa a la seva manera.<\/p>\n<h2>Consells previs per a cuinar arr\u00f2s blanc<\/h2>\n<p>A grans trets, hi ha dos grans tipus d\u2019arr\u00f2s: el <a href=\"https:\/\/nomen.es\/ca\/arros\/arros-llarg\/\">de gra llarg<\/a> (<a href=\"https:\/\/nomen.es\/ca\/arros\/arros-basmati\/\">basmati<\/a>, <a href=\"https:\/\/nomen.es\/ca\/arros\/arros-salvatge-nomen\/\">salvatge<\/a>, <a href=\"https:\/\/nomen.es\/ca\/arros\/arros-thai-nomen\/\">thai<\/a>&#8230;) i el <a href=\"https:\/\/nomen.es\/ca\/arros\/arros-rodo-nomen\/\">de gra curt o rod\u00f3<\/a> (<a href=\"https:\/\/nomen.es\/ca\/arros\/arros-bomba-nomen\/\">bomba<\/a>, carnaroli, arbori&#8230;). Tots es poden coure per a fer arr\u00f2s blanc, s\u00ed, per\u00f2 el resultat no \u00e9s el mateix i el gust, tampoc.<\/p>\n<p>Per comen\u00e7ar, <strong>l\u2019arr\u00f2s llarg sol tenir menys contingut en mid\u00f3<\/strong>, fet pel qual, de manera natural acostuma a quedar m\u00e9s solt. Aix\u00f2 significa que l\u2019arr\u00f2s curt sempre quedar\u00e0 past\u00f3s? No, si abans de coure\u2019l el rentes per eliminar-ne el mid\u00f3 \u201csobrant\u201d o el cous en molta aigua.<\/p>\n<h2>Pas a pas per cuinar arr\u00f2s blanc de la manera m\u00e9s senzilla<\/h2>\n<ol>\n<li><strong>Utilitza una cassola <\/strong>suficientment gran per a l\u2019arr\u00f2s que vols coure. Si n\u2019esculls una de petita, el m\u00e9s probable \u00e9s que l\u2019arr\u00f2s quedi empastat perqu\u00e8 no tindr\u00e0 prou espai per \u201cballar\u201d dins l\u2019aigua.<\/li>\n<li><strong>Posa l\u2019aigua a la cassola <\/strong>(el doble d\u2019aigua que d\u2019arr\u00f2s), afegeix un rajol\u00ed d\u2019oli i sal. Espera a qu\u00e8 l\u2019aigua bulli.<\/li>\n<li><strong>Afegeix l\u2019arr\u00f2s <\/strong>a la cassola quan l\u2019aigua borbollegi, remena una mica amb una cullera de fusta i deixa\u2019l coure 3 minuts a foc fort.<\/li>\n<li><strong>Abaixa el foc <\/strong>a una temperatura mitjana i cou l\u2019arr\u00f2s uns 10 minuts m\u00e9s, tapat (el temps total dependr\u00e0 de l\u2019arr\u00f2s que utilitzis, fixa\u2019t en les instruccions de l\u2019env\u00e0s).<\/li>\n<li><strong>Tasta el punt de cocci\u00f3 <\/strong>de l\u2019arr\u00f2s. Si consideres que encara \u00e9s una mica massa dur, cou-lo uns minuts m\u00e9s. Per\u00f2 tingues en compte que si el far\u00e0s servir de seguida, calent, la seva propia calor el seguir\u00e0 coent una mica despr\u00e9s d\u2019haver-lo enretirat del foc.<\/li>\n<li><strong>Escorre l\u2019arr\u00f2s en un colador <\/strong>i serveix-lo. Per\u00f2 si el vols per a una amanida o l\u2019est\u00e0s cuinant amb antelaci\u00f3, millor que el rentis sota l\u2019aixeta de l\u2019aigua freda per a detenir-ne la cocci\u00f3.<\/li>\n<\/ol>\n<p>Aquesta \u00e9s la manera m\u00e9s b\u00e0sica de coure l\u2019arr\u00f2s blanc. Per\u00f2 no l\u2019\u00fanica. Alguns cuiners, per exemple, torren l\u2019arr\u00f2s en oli primer i despr\u00e9s li afegeixen l\u2019aigua en fred i el fan bullir.<\/p>\n<p><img decoding=\"async\" class=\"aligncenter size-full wp-image-13281\" src=\"https:\/\/nomen.es\/wp-content\/uploads\/2022\/03\/arroz-blanco-consejos.jpg\" alt=\"\" width=\"900\" height=\"600\" \/><\/p>\n<h2>Algunes receptes amb arr\u00f2s blanc:<\/h2>\n<ul>\n<li><a href=\"https:\/\/nomen.es\/ca\/recepta\/amanida-ruca-figues-feta\/\">Amanida de ruca amb figues i feta<\/a><\/li>\n<li><a href=\"https:\/\/nomen.es\/ca\/recepta\/amanida-darros-amb-pressec-parmesa-i-cogombre\/\">Amanida d\u2019arr\u00f2s amb pr\u00e9ssec, cogombre i parmes\u00e0<\/a><\/li>\n<li><a href=\"https:\/\/nomen.es\/ca\/recepta\/amanida-freda-darros-primavera\/\">Amanida freda d\u2019arr\u00f2s de primavera<\/a><\/li>\n<li><a href=\"https:\/\/nomen.es\/ca\/recepta\/pollastre-adobat-a-la-barbacoa-amb-arros\/\">Pollastre adobat a la barbacoa amb arr\u00f2s<\/a><\/li>\n<li><a href=\"https:\/\/nomen.es\/ca\/recepta\/gambes-a-lallet-amb-arros-a-la-llimona\/\">Gambes a l\u2019allet amb arr\u00f2s a la llimona<\/a><\/li>\n<li><a href=\"https:\/\/nomen.es\/ca\/recepta\/arroz-pilaf-oli-coco\/\">Arr\u00f2s pilaf amb oli de coco i herbes fresques<\/a><\/li>\n<li><a href=\"https:\/\/nomen.es\/ca\/recepta\/aletes-pollastre-asiatiques-amb-arros-thai\/\">Aletes de pollastre asi\u00e0tiques amb arr\u00f2s thai<\/a><\/li>\n<li><a href=\"https:\/\/nomen.es\/ca\/recepta\/arros-basmati-amb-pesto-i-saltat-col-kale\/\">Arr\u00f2s basmati amb pesto i saltat de col kale<\/a><\/li>\n<li><a href=\"https:\/\/nomen.es\/ca\/recepta\/bowl-darros-thai-amb-peix-arrebossat-llima-i-coriandre\/\">Bowl d\u2019arr\u00f2s thai amb peix arrebossat, llima i coriandre<\/a><\/li>\n<li><a href=\"https:\/\/nomen.es\/ca\/recepta\/rotllets-col-farcits-darros-integral\/\">Rotllets de col farcits d\u2019arr\u00f2s integral<\/a><\/li>\n<\/ul>\n<h2>Com donar m\u00e9s gust al teu arr\u00f2s blanc:<\/h2>\n<p>&#8211; <strong>Amb all.<\/strong> Pela un parell d\u2019alls i sofregeix-los en l\u2019oli abans d\u2019afegir l\u2019aigua. Despr\u00e9s, pots enretirar-los o no. Tamb\u00e9 pots afegir-los en cru quan l\u2019aigua estigui bullint.<\/p>\n<p>&#8211; <strong>Amb ceba.<\/strong> Tamb\u00e9 li dona un gust delici\u00f3s a l\u2019arr\u00f2s blanc. Pela mitja ceba i afegeix-la sencera a l\u2019aigua. Deixa-la dins la cassola fins el moment d\u2019afegir-hi l\u2019arr\u00f2s (o deixa-la, si no et molesta despr\u00e9s trobar-la entre l\u2019arr\u00f2s blanc).<\/p>\n<p>&#8211; <strong>Amb llorer. <\/strong>Afegeix una fulla de llorer seca a l\u2019aigua de cocci\u00f3 de l\u2019arr\u00f2s.<\/p>\n<p>&#8211; <strong>Amb brou.<\/strong> Substitueix l\u2019aigua per brou (pot ser de verdures, de pollastre o de carn) i veur\u00e0s com de gust\u00f3s et queda l\u2019arr\u00f2s. Tamb\u00e9 pots afegir una pastilla de brou concentrat a l\u2019aigua, per\u00f2 llavors ves amb compte amb la sal, aquests tipus de concentrats en solen portar molta.<\/p>\n<h2>Com fer arr\u00f2s blanc en nom\u00e9s 1 minut<\/h2>\n<p>Amb l\u2019<a href=\"https:\/\/nomen.es\/ca\/productes-nomen\/vasets-arros\/\">arr\u00f2s precuinat de Nomen<\/a>, que es presenta en c\u00f2modes vasets i nom\u00e9s necessita 1 minut de microones per estar a punt per menjar. Els tens <a href=\"https:\/\/nomen.es\/ca\/vasets-arros\/vasets-darros-rodo\/\">d\u2019arr\u00f2s rod\u00f3<\/a>, <a href=\"https:\/\/nomen.es\/ca\/vasets-arros\/vasets-darros-basmati\/\">d\u2019arr\u00f2s basmati<\/a>, <a href=\"https:\/\/nomen.es\/ca\/vasets-arros\/vasets-darros-integral\/\">d\u2019arr\u00f2s integral<\/a>, <a href=\"https:\/\/nomen.es\/ca\/vasets-arros\/vasets-darros-integral-amb-verdures-i-llavors\/\">d\u2019arr\u00f2s integral amb verdures i llavors<\/a> i <a href=\"https:\/\/nomen.es\/ca\/vasets-arros\/vasets-darros-integral-amb-quinoa\/\">d\u2019arr\u00f2s integral amb quinoa.<\/a><\/p>\n","protected":false},"excerpt":{"rendered":"<p>L\u2019arr\u00f2s blanc \u00e9s la base de moltes guarnicions, saltats i amanides. T\u2019expliquem la manera m\u00e9s f\u00e0cil de preparar-lo i tamb\u00e9 com donar-li m\u00e9s gust. <\/p>\n","protected":false},"author":2,"featured_media":13613,"comment_status":"open","ping_status":"open","sticky":false,"template":"","format":"standard","meta":{"_acf_changed":false,"_et_pb_use_builder":"","_et_pb_old_content":"","_et_gb_content_width":"","inline_featured_image":false,"footnotes":""},"categories":[146,1081],"tags":[],"class_list":["post-13632","post","type-post","status-publish","format-standard","has-post-thumbnail","hentry","category-cuina","category-cocina-ca"],"acf":[],"yoast_head":"<!-- This site is optimized with the Yoast SEO plugin v27.5 - https:\/\/yoast.com\/product\/yoast-seo-wordpress\/ -->\n<title>Com es fa l&#039;arr\u00f2s blanc? - Nomen<\/title>\n<meta name=\"robots\" content=\"index, follow, max-snippet:-1, max-image-preview:large, max-video-preview:-1\" \/>\n<link rel=\"canonical\" href=\"https:\/\/nomen.es\/ca\/com-es-fa-larros-blanc\/\" \/>\n<meta property=\"og:locale\" content=\"ca_ES\" \/>\n<meta property=\"og:type\" content=\"article\" \/>\n<meta property=\"og:title\" content=\"Com es fa l&#039;arr\u00f2s blanc? - Nomen\" \/>\n<meta property=\"og:description\" content=\"L\u2019arr\u00f2s blanc \u00e9s la base de moltes guarnicions, saltats i amanides. T\u2019expliquem la manera m\u00e9s f\u00e0cil de preparar-lo i tamb\u00e9 com donar-li m\u00e9s gust.\" \/>\n<meta property=\"og:url\" content=\"https:\/\/nomen.es\/ca\/com-es-fa-larros-blanc\/\" \/>\n<meta property=\"og:site_name\" content=\"Nomen\" \/>\n<meta property=\"article:published_time\" content=\"2022-03-24T16:56:39+00:00\" \/>\n<meta property=\"article:modified_time\" content=\"2022-03-24T17:00:33+00:00\" \/>\n<meta property=\"og:image\" content=\"https:\/\/nomen.es\/wp-content\/uploads\/2022\/03\/como-hacer-arroz-blanco.jpeg\" \/>\n\t<meta property=\"og:image:width\" content=\"900\" \/>\n\t<meta property=\"og:image:height\" content=\"600\" \/>\n\t<meta property=\"og:image:type\" content=\"image\/jpeg\" \/>\n<meta name=\"author\" content=\"Nomen\" \/>\n<meta name=\"twitter:label1\" content=\"Escrit per\" \/>\n\t<meta name=\"twitter:data1\" content=\"Nomen\" \/>\n\t<meta name=\"twitter:label2\" content=\"Temps estimat de lectura\" \/>\n\t<meta name=\"twitter:data2\" content=\"5 minuts\" \/>\n<script type=\"application\/ld+json\" class=\"yoast-schema-graph\">{\"@context\":\"https:\\\/\\\/schema.org\",\"@graph\":[{\"@type\":\"Article\",\"@id\":\"https:\\\/\\\/nomen.es\\\/ca\\\/com-es-fa-larros-blanc\\\/#article\",\"isPartOf\":{\"@id\":\"https:\\\/\\\/nomen.es\\\/ca\\\/com-es-fa-larros-blanc\\\/\"},\"author\":{\"name\":\"Nomen\",\"@id\":\"https:\\\/\\\/nomen.es\\\/#\\\/schema\\\/person\\\/e05dca4ee822516d2b98d8c40d7c7936\"},\"headline\":\"Com es fa l&#8217;arr\u00f2s blanc?\",\"datePublished\":\"2022-03-24T16:56:39+00:00\",\"dateModified\":\"2022-03-24T17:00:33+00:00\",\"mainEntityOfPage\":{\"@id\":\"https:\\\/\\\/nomen.es\\\/ca\\\/com-es-fa-larros-blanc\\\/\"},\"wordCount\":946,\"commentCount\":0,\"image\":{\"@id\":\"https:\\\/\\\/nomen.es\\\/ca\\\/com-es-fa-larros-blanc\\\/#primaryimage\"},\"thumbnailUrl\":\"https:\\\/\\\/nomen.es\\\/wp-content\\\/uploads\\\/2022\\\/03\\\/como-hacer-arroz-blanco.jpeg\",\"articleSection\":[\"Cuina\",\"Cocina\"],\"inLanguage\":\"ca\",\"potentialAction\":[{\"@type\":\"CommentAction\",\"name\":\"Comment\",\"target\":[\"https:\\\/\\\/nomen.es\\\/ca\\\/com-es-fa-larros-blanc\\\/#respond\"]}]},{\"@type\":\"WebPage\",\"@id\":\"https:\\\/\\\/nomen.es\\\/ca\\\/com-es-fa-larros-blanc\\\/\",\"url\":\"https:\\\/\\\/nomen.es\\\/ca\\\/com-es-fa-larros-blanc\\\/\",\"name\":\"Com es fa l'arr\u00f2s blanc? - Nomen\",\"isPartOf\":{\"@id\":\"https:\\\/\\\/nomen.es\\\/#website\"},\"primaryImageOfPage\":{\"@id\":\"https:\\\/\\\/nomen.es\\\/ca\\\/com-es-fa-larros-blanc\\\/#primaryimage\"},\"image\":{\"@id\":\"https:\\\/\\\/nomen.es\\\/ca\\\/com-es-fa-larros-blanc\\\/#primaryimage\"},\"thumbnailUrl\":\"https:\\\/\\\/nomen.es\\\/wp-content\\\/uploads\\\/2022\\\/03\\\/como-hacer-arroz-blanco.jpeg\",\"datePublished\":\"2022-03-24T16:56:39+00:00\",\"dateModified\":\"2022-03-24T17:00:33+00:00\",\"author\":{\"@id\":\"https:\\\/\\\/nomen.es\\\/#\\\/schema\\\/person\\\/e05dca4ee822516d2b98d8c40d7c7936\"},\"breadcrumb\":{\"@id\":\"https:\\\/\\\/nomen.es\\\/ca\\\/com-es-fa-larros-blanc\\\/#breadcrumb\"},\"inLanguage\":\"ca\",\"potentialAction\":[{\"@type\":\"ReadAction\",\"target\":[\"https:\\\/\\\/nomen.es\\\/ca\\\/com-es-fa-larros-blanc\\\/\"]}]},{\"@type\":\"ImageObject\",\"inLanguage\":\"ca\",\"@id\":\"https:\\\/\\\/nomen.es\\\/ca\\\/com-es-fa-larros-blanc\\\/#primaryimage\",\"url\":\"https:\\\/\\\/nomen.es\\\/wp-content\\\/uploads\\\/2022\\\/03\\\/como-hacer-arroz-blanco.jpeg\",\"contentUrl\":\"https:\\\/\\\/nomen.es\\\/wp-content\\\/uploads\\\/2022\\\/03\\\/como-hacer-arroz-blanco.jpeg\",\"width\":900,\"height\":600,\"caption\":\"Com fer arr\u00f2s blanc\"},{\"@type\":\"BreadcrumbList\",\"@id\":\"https:\\\/\\\/nomen.es\\\/ca\\\/com-es-fa-larros-blanc\\\/#breadcrumb\",\"itemListElement\":[{\"@type\":\"ListItem\",\"position\":1,\"name\":\"Portada\",\"item\":\"https:\\\/\\\/nomen.es\\\/ca\\\/\"},{\"@type\":\"ListItem\",\"position\":2,\"name\":\"Com es fa l&#8217;arr\u00f2s blanc?\"}]},{\"@type\":\"WebSite\",\"@id\":\"https:\\\/\\\/nomen.es\\\/#website\",\"url\":\"https:\\\/\\\/nomen.es\\\/\",\"name\":\"Nomen\",\"description\":\"Mucho m\u00e1s que arroz\",\"potentialAction\":[{\"@type\":\"SearchAction\",\"target\":{\"@type\":\"EntryPoint\",\"urlTemplate\":\"https:\\\/\\\/nomen.es\\\/?s={search_term_string}\"},\"query-input\":{\"@type\":\"PropertyValueSpecification\",\"valueRequired\":true,\"valueName\":\"search_term_string\"}}],\"inLanguage\":\"ca\"},{\"@type\":\"Person\",\"@id\":\"https:\\\/\\\/nomen.es\\\/#\\\/schema\\\/person\\\/e05dca4ee822516d2b98d8c40d7c7936\",\"name\":\"Nomen\",\"image\":{\"@type\":\"ImageObject\",\"inLanguage\":\"ca\",\"@id\":\"https:\\\/\\\/secure.gravatar.com\\\/avatar\\\/9706332b7e0d915e91c32e7737d8b5aea989a8aa0f5a11d27cdf2acb64563170?s=96&d=mm&r=g\",\"url\":\"https:\\\/\\\/secure.gravatar.com\\\/avatar\\\/9706332b7e0d915e91c32e7737d8b5aea989a8aa0f5a11d27cdf2acb64563170?s=96&d=mm&r=g\",\"contentUrl\":\"https:\\\/\\\/secure.gravatar.com\\\/avatar\\\/9706332b7e0d915e91c32e7737d8b5aea989a8aa0f5a11d27cdf2acb64563170?s=96&d=mm&r=g\",\"caption\":\"Nomen\"}}]}<\/script>\n<!-- \/ Yoast SEO plugin. -->","yoast_head_json":{"title":"Com es fa l'arr\u00f2s blanc? - Nomen","robots":{"index":"index","follow":"follow","max-snippet":"max-snippet:-1","max-image-preview":"max-image-preview:large","max-video-preview":"max-video-preview:-1"},"canonical":"https:\/\/nomen.es\/ca\/com-es-fa-larros-blanc\/","og_locale":"ca_ES","og_type":"article","og_title":"Com es fa l'arr\u00f2s blanc? - Nomen","og_description":"L\u2019arr\u00f2s blanc \u00e9s la base de moltes guarnicions, saltats i amanides. T\u2019expliquem la manera m\u00e9s f\u00e0cil de preparar-lo i tamb\u00e9 com donar-li m\u00e9s gust.","og_url":"https:\/\/nomen.es\/ca\/com-es-fa-larros-blanc\/","og_site_name":"Nomen","article_published_time":"2022-03-24T16:56:39+00:00","article_modified_time":"2022-03-24T17:00:33+00:00","og_image":[{"width":900,"height":600,"url":"https:\/\/nomen.es\/wp-content\/uploads\/2022\/03\/como-hacer-arroz-blanco.jpeg","type":"image\/jpeg"}],"author":"Nomen","twitter_misc":{"Escrit per":"Nomen","Temps estimat de lectura":"5 minuts"},"schema":{"@context":"https:\/\/schema.org","@graph":[{"@type":"Article","@id":"https:\/\/nomen.es\/ca\/com-es-fa-larros-blanc\/#article","isPartOf":{"@id":"https:\/\/nomen.es\/ca\/com-es-fa-larros-blanc\/"},"author":{"name":"Nomen","@id":"https:\/\/nomen.es\/#\/schema\/person\/e05dca4ee822516d2b98d8c40d7c7936"},"headline":"Com es fa l&#8217;arr\u00f2s blanc?","datePublished":"2022-03-24T16:56:39+00:00","dateModified":"2022-03-24T17:00:33+00:00","mainEntityOfPage":{"@id":"https:\/\/nomen.es\/ca\/com-es-fa-larros-blanc\/"},"wordCount":946,"commentCount":0,"image":{"@id":"https:\/\/nomen.es\/ca\/com-es-fa-larros-blanc\/#primaryimage"},"thumbnailUrl":"https:\/\/nomen.es\/wp-content\/uploads\/2022\/03\/como-hacer-arroz-blanco.jpeg","articleSection":["Cuina","Cocina"],"inLanguage":"ca","potentialAction":[{"@type":"CommentAction","name":"Comment","target":["https:\/\/nomen.es\/ca\/com-es-fa-larros-blanc\/#respond"]}]},{"@type":"WebPage","@id":"https:\/\/nomen.es\/ca\/com-es-fa-larros-blanc\/","url":"https:\/\/nomen.es\/ca\/com-es-fa-larros-blanc\/","name":"Com es fa l'arr\u00f2s blanc? - Nomen","isPartOf":{"@id":"https:\/\/nomen.es\/#website"},"primaryImageOfPage":{"@id":"https:\/\/nomen.es\/ca\/com-es-fa-larros-blanc\/#primaryimage"},"image":{"@id":"https:\/\/nomen.es\/ca\/com-es-fa-larros-blanc\/#primaryimage"},"thumbnailUrl":"https:\/\/nomen.es\/wp-content\/uploads\/2022\/03\/como-hacer-arroz-blanco.jpeg","datePublished":"2022-03-24T16:56:39+00:00","dateModified":"2022-03-24T17:00:33+00:00","author":{"@id":"https:\/\/nomen.es\/#\/schema\/person\/e05dca4ee822516d2b98d8c40d7c7936"},"breadcrumb":{"@id":"https:\/\/nomen.es\/ca\/com-es-fa-larros-blanc\/#breadcrumb"},"inLanguage":"ca","potentialAction":[{"@type":"ReadAction","target":["https:\/\/nomen.es\/ca\/com-es-fa-larros-blanc\/"]}]},{"@type":"ImageObject","inLanguage":"ca","@id":"https:\/\/nomen.es\/ca\/com-es-fa-larros-blanc\/#primaryimage","url":"https:\/\/nomen.es\/wp-content\/uploads\/2022\/03\/como-hacer-arroz-blanco.jpeg","contentUrl":"https:\/\/nomen.es\/wp-content\/uploads\/2022\/03\/como-hacer-arroz-blanco.jpeg","width":900,"height":600,"caption":"Com fer arr\u00f2s blanc"},{"@type":"BreadcrumbList","@id":"https:\/\/nomen.es\/ca\/com-es-fa-larros-blanc\/#breadcrumb","itemListElement":[{"@type":"ListItem","position":1,"name":"Portada","item":"https:\/\/nomen.es\/ca\/"},{"@type":"ListItem","position":2,"name":"Com es fa l&#8217;arr\u00f2s blanc?"}]},{"@type":"WebSite","@id":"https:\/\/nomen.es\/#website","url":"https:\/\/nomen.es\/","name":"Nomen","description":"Mucho m\u00e1s que arroz","potentialAction":[{"@type":"SearchAction","target":{"@type":"EntryPoint","urlTemplate":"https:\/\/nomen.es\/?s={search_term_string}"},"query-input":{"@type":"PropertyValueSpecification","valueRequired":true,"valueName":"search_term_string"}}],"inLanguage":"ca"},{"@type":"Person","@id":"https:\/\/nomen.es\/#\/schema\/person\/e05dca4ee822516d2b98d8c40d7c7936","name":"Nomen","image":{"@type":"ImageObject","inLanguage":"ca","@id":"https:\/\/secure.gravatar.com\/avatar\/9706332b7e0d915e91c32e7737d8b5aea989a8aa0f5a11d27cdf2acb64563170?s=96&d=mm&r=g","url":"https:\/\/secure.gravatar.com\/avatar\/9706332b7e0d915e91c32e7737d8b5aea989a8aa0f5a11d27cdf2acb64563170?s=96&d=mm&r=g","contentUrl":"https:\/\/secure.gravatar.com\/avatar\/9706332b7e0d915e91c32e7737d8b5aea989a8aa0f5a11d27cdf2acb64563170?s=96&d=mm&r=g","caption":"Nomen"}}]}},"_links":{"self":[{"href":"https:\/\/nomen.es\/ca\/wp-json\/wp\/v2\/posts\/13632","targetHints":{"allow":["GET"]}}],"collection":[{"href":"https:\/\/nomen.es\/ca\/wp-json\/wp\/v2\/posts"}],"about":[{"href":"https:\/\/nomen.es\/ca\/wp-json\/wp\/v2\/types\/post"}],"author":[{"embeddable":true,"href":"https:\/\/nomen.es\/ca\/wp-json\/wp\/v2\/users\/2"}],"replies":[{"embeddable":true,"href":"https:\/\/nomen.es\/ca\/wp-json\/wp\/v2\/comments?post=13632"}],"version-history":[{"count":0,"href":"https:\/\/nomen.es\/ca\/wp-json\/wp\/v2\/posts\/13632\/revisions"}],"wp:featuredmedia":[{"embeddable":true,"href":"https:\/\/nomen.es\/ca\/wp-json\/wp\/v2\/media\/13613"}],"wp:attachment":[{"href":"https:\/\/nomen.es\/ca\/wp-json\/wp\/v2\/media?parent=13632"}],"wp:term":[{"taxonomy":"category","embeddable":true,"href":"https:\/\/nomen.es\/ca\/wp-json\/wp\/v2\/categories?post=13632"},{"taxonomy":"post_tag","embeddable":true,"href":"https:\/\/nomen.es\/ca\/wp-json\/wp\/v2\/tags?post=13632"}],"curies":[{"name":"wp","href":"https:\/\/api.w.org\/{rel}","templated":true}]}}