{"id":1379,"date":"2015-12-02T11:58:17","date_gmt":"2015-12-02T11:58:17","guid":{"rendered":"https:\/\/nomen.es\/ca\/?p=1379"},"modified":"2017-07-25T10:25:17","modified_gmt":"2017-07-25T09:25:17","slug":"presentem-la-nostra-nova-beguda-darros-en-un-original-esmorzar","status":"publish","type":"post","link":"https:\/\/nomen.es\/ca\/presentem-la-nostra-nova-beguda-darros-en-un-original-esmorzar\/","title":{"rendered":"Presentem la nostra nova beguda d&#8217;arr\u00f2s en un original esmorzar"},"content":{"rendered":"<p>El dimecres 25 de novembre vam presentar a Milk Estudio de Madrid un nou producte: la nova <strong><a href=\"https:\/\/nomen.es\/ca\/beguda\/beguda-darros-1\/\" target=\"_blank\" rel=\"noopener noreferrer\">beguda d&#8217;arr\u00f2s<\/a><\/strong>. L&#8217;acte, <strong>un esmorzar molt saludable<\/strong> servit sobre una taula situada en una cuina office que recreava un cridaner camp d&#8217;arr\u00f2s, va comptar amb la pres\u00e8ncia d&#8217;Eugenia Ortiz Domecq i va ser condu\u00eft per Johann Wald.<\/p>\n<p>La nostra nova <strong>beguda d&#8217;arr\u00f2s<\/strong> \u00e9s el fruit de l&#8217;experi\u00e8ncia adquirida al llarg de 80 anys de tradici\u00f3 arrossera i de la investigaci\u00f3 realitzada pel nostre departament d&#8217;investigaci\u00f3. Un proc\u00e9s realitzat en col\u00b7laboraci\u00f3 amb dietistes, cuiners, dissenyadors i organismes especialitzats a fi d&#8217;obtenir una beguda <strong>natural, nutritiva i amb un sabor molt agradable<\/strong>, que es pot prendre freda o calenta, per esmorzar o berenar i que \u00e9s ideal per preparar gelats, batuts i rebosteria.<\/p>\n<p><center><iframe loading=\"lazy\" title=\"Presentaci\u00f3n nueva Bebida de Arroz Nomen\" width=\"1080\" height=\"608\" src=\"https:\/\/www.youtube.com\/embed\/bZGIctsC-n4?feature=oembed\"  allow=\"accelerometer; autoplay; clipboard-write; encrypted-media; gyroscope; picture-in-picture; web-share\" referrerpolicy=\"strict-origin-when-cross-origin\" allowfullscreen><\/iframe><\/p>\n<p><\/center>Amb aquesta nova beguda vegetal elaborada a partir dels millors arrossos, se satisf\u00e0 plenament la necessitat creixent de moltes persones per trobar una <strong>alternativa a la llet<\/strong> d&#8217;origen animal tradicional.<\/p>\n<p> La nova beguda d&#8217;arr\u00f2s Nomen t\u00e9 nombroses i beneficioses propietats, ja que <strong>no t\u00e9 gluten, ni lactosa, ni case\u00efna, ni olis, ni greixos, ni sucres afegits<\/strong>. No obstant aix\u00f2, el que s\u00ed que cont\u00e9 s\u00f3n antioxidants i un amino\u00e0cid que ajuda a mantenir un bon estat d&#8217;\u00e0nim i, a m\u00e9s, <strong>contribueix a reduir els nivells de colesterol<\/strong>. \u00c9s una beguda amb una alta digestibilitat pel que \u00e9s apropiada per a ser consumida fins i tot per persones amb l&#8217;est\u00f3mac delicat.<\/p>\n<p>Es presenta envasada en un bric i en un \u00fanic format d&#8217;un litre. Es conserva a temperatura ambient sempre que sigui en un lloc fresc i sec, i un cop oberta pot mantenir-se fins a 3 o 4 dies a la nevera.<\/p>\n<p>Podr\u00e0s tastar la nova <strong>beguda d&#8217;arr\u00f2s<\/strong> Nomen al teu establiment habitual a partir del <strong>primer trimestre de 2016<\/strong>!<\/p>\n<p><a href=\"https:\/\/nomen.es\/wp-content\/uploads\/2015\/12\/Evento_Bebida_Arroz_03.jpg\"><img decoding=\"async\" class=\"aligncenter size-full wp-image-1377\" src=\"https:\/\/nomen.es\/wp-content\/uploads\/2015\/12\/Evento_Bebida_Arroz_03.jpg\" alt=\"Evento_Bebida_Arroz_03\" width=\"960\" height=\"639\" srcset=\"https:\/\/nomen.es\/wp-content\/uploads\/2015\/12\/Evento_Bebida_Arroz_03.jpg 960w, https:\/\/nomen.es\/wp-content\/uploads\/2015\/12\/Evento_Bebida_Arroz_03-600x399.jpg 600w, https:\/\/nomen.es\/wp-content\/uploads\/2015\/12\/Evento_Bebida_Arroz_03-300x200.jpg 300w\" sizes=\"(max-width: 960px) 100vw, 960px\" \/><\/a><\/p>\n","protected":false},"excerpt":{"rendered":"<p>El dimecres 25 de novembre vam presentar a Milk Estudio de Madrid un nou producte: la nova beguda d&#8217;arr\u00f2s. L&#8217;acte, un esmorzar molt saludable servit sobre una taula situada en una cuina office que recreava un cridaner camp d&#8217;arr\u00f2s, va comptar amb la pres\u00e8ncia d&#8217;Eugenia Ortiz Domecq i va ser condu\u00eft per Johann Wald. La [&hellip;]<\/p>\n","protected":false},"author":2,"featured_media":1375,"comment_status":"open","ping_status":"open","sticky":false,"template":"","format":"standard","meta":{"_acf_changed":false,"_et_pb_use_builder":"","_et_pb_old_content":"","_et_gb_content_width":"","inline_featured_image":false,"footnotes":""},"categories":[1],"tags":[122,125,126,127,128,129],"class_list":["post-1379","post","type-post","status-publish","format-standard","has-post-thumbnail","hentry","category-esdeveniments","tag-madrid","tag-125","tag-beguda-darros","tag-esdeveniments","tag-llancaments","tag-novetat"],"acf":[],"yoast_head":"<!-- This site is optimized with the Yoast SEO plugin v27.4 - https:\/\/yoast.com\/product\/yoast-seo-wordpress\/ -->\n<title>Presentem la nostra nova beguda d&#039;arr\u00f2s Nomen<\/title>\n<meta name=\"description\" content=\"Presentem a Madrid un nou producte per a 2016: la nova beguda d&#039;arr\u00f2s.\" \/>\n<meta name=\"robots\" content=\"index, follow, max-snippet:-1, max-image-preview:large, max-video-preview:-1\" \/>\n<link rel=\"canonical\" href=\"https:\/\/nomen.es\/presentamos-nuestra-nueva-bebida-de-arroz-en-un-original-desayuno\/\" \/>\n<meta property=\"og:locale\" content=\"ca_ES\" \/>\n<meta property=\"og:type\" content=\"article\" \/>\n<meta property=\"og:title\" content=\"Presentem la nostra nova beguda d&#039;arr\u00f2s Nomen\" \/>\n<meta property=\"og:description\" content=\"Presentem a Madrid un nou producte per a 2016: la nova beguda d&#039;arr\u00f2s.\" \/>\n<meta property=\"og:url\" content=\"https:\/\/nomen.es\/presentamos-nuestra-nueva-bebida-de-arroz-en-un-original-desayuno\/\" \/>\n<meta property=\"og:site_name\" content=\"Nomen\" \/>\n<meta property=\"article:published_time\" content=\"2015-12-02T11:58:17+00:00\" \/>\n<meta property=\"article:modified_time\" content=\"2017-07-25T09:25:17+00:00\" \/>\n<meta property=\"og:image\" content=\"https:\/\/nomen.es\/wp-content\/uploads\/2015\/12\/Evento_Bebida_Arroz_01.jpg\" \/>\n\t<meta property=\"og:image:width\" content=\"960\" \/>\n\t<meta property=\"og:image:height\" content=\"639\" \/>\n\t<meta property=\"og:image:type\" content=\"image\/jpeg\" \/>\n<meta name=\"author\" content=\"Nomen\" \/>\n<meta name=\"twitter:label1\" content=\"Escrit per\" \/>\n\t<meta name=\"twitter:data1\" content=\"Nomen\" \/>\n\t<meta name=\"twitter:label2\" content=\"Temps estimat de lectura\" \/>\n\t<meta name=\"twitter:data2\" content=\"2 minuts\" \/>\n<script type=\"application\/ld+json\" class=\"yoast-schema-graph\">{\"@context\":\"https:\\\/\\\/schema.org\",\"@graph\":[{\"@type\":\"Article\",\"@id\":\"https:\\\/\\\/nomen.es\\\/presentamos-nuestra-nueva-bebida-de-arroz-en-un-original-desayuno\\\/#article\",\"isPartOf\":{\"@id\":\"https:\\\/\\\/nomen.es\\\/presentamos-nuestra-nueva-bebida-de-arroz-en-un-original-desayuno\\\/\"},\"author\":{\"name\":\"Nomen\",\"@id\":\"https:\\\/\\\/nomen.es\\\/#\\\/schema\\\/person\\\/e05dca4ee822516d2b98d8c40d7c7936\"},\"headline\":\"Presentem la nostra nova beguda d&#8217;arr\u00f2s en un original esmorzar\",\"datePublished\":\"2015-12-02T11:58:17+00:00\",\"dateModified\":\"2017-07-25T09:25:17+00:00\",\"mainEntityOfPage\":{\"@id\":\"https:\\\/\\\/nomen.es\\\/presentamos-nuestra-nueva-bebida-de-arroz-en-un-original-desayuno\\\/\"},\"wordCount\":341,\"commentCount\":0,\"image\":{\"@id\":\"https:\\\/\\\/nomen.es\\\/presentamos-nuestra-nueva-bebida-de-arroz-en-un-original-desayuno\\\/#primaryimage\"},\"thumbnailUrl\":\"https:\\\/\\\/nomen.es\\\/wp-content\\\/uploads\\\/2015\\\/12\\\/Evento_Bebida_Arroz_01.jpg\",\"keywords\":[\"Madrid\",\"2016\",\"beguda d'arr\u00f2s\",\"esdeveniments\",\"llan\u00e7aments\",\"novetat\"],\"articleSection\":[\"Esdeveniments\"],\"inLanguage\":\"ca\",\"potentialAction\":[{\"@type\":\"CommentAction\",\"name\":\"Comment\",\"target\":[\"https:\\\/\\\/nomen.es\\\/presentamos-nuestra-nueva-bebida-de-arroz-en-un-original-desayuno\\\/#respond\"]}]},{\"@type\":\"WebPage\",\"@id\":\"https:\\\/\\\/nomen.es\\\/presentamos-nuestra-nueva-bebida-de-arroz-en-un-original-desayuno\\\/\",\"url\":\"https:\\\/\\\/nomen.es\\\/presentamos-nuestra-nueva-bebida-de-arroz-en-un-original-desayuno\\\/\",\"name\":\"Presentem la nostra nova beguda d'arr\u00f2s Nomen\",\"isPartOf\":{\"@id\":\"https:\\\/\\\/nomen.es\\\/#website\"},\"primaryImageOfPage\":{\"@id\":\"https:\\\/\\\/nomen.es\\\/presentamos-nuestra-nueva-bebida-de-arroz-en-un-original-desayuno\\\/#primaryimage\"},\"image\":{\"@id\":\"https:\\\/\\\/nomen.es\\\/presentamos-nuestra-nueva-bebida-de-arroz-en-un-original-desayuno\\\/#primaryimage\"},\"thumbnailUrl\":\"https:\\\/\\\/nomen.es\\\/wp-content\\\/uploads\\\/2015\\\/12\\\/Evento_Bebida_Arroz_01.jpg\",\"datePublished\":\"2015-12-02T11:58:17+00:00\",\"dateModified\":\"2017-07-25T09:25:17+00:00\",\"author\":{\"@id\":\"https:\\\/\\\/nomen.es\\\/#\\\/schema\\\/person\\\/e05dca4ee822516d2b98d8c40d7c7936\"},\"description\":\"Presentem a Madrid un nou producte per a 2016: la nova beguda d'arr\u00f2s.\",\"breadcrumb\":{\"@id\":\"https:\\\/\\\/nomen.es\\\/presentamos-nuestra-nueva-bebida-de-arroz-en-un-original-desayuno\\\/#breadcrumb\"},\"inLanguage\":\"ca\",\"potentialAction\":[{\"@type\":\"ReadAction\",\"target\":[\"https:\\\/\\\/nomen.es\\\/presentamos-nuestra-nueva-bebida-de-arroz-en-un-original-desayuno\\\/\"]}]},{\"@type\":\"ImageObject\",\"inLanguage\":\"ca\",\"@id\":\"https:\\\/\\\/nomen.es\\\/presentamos-nuestra-nueva-bebida-de-arroz-en-un-original-desayuno\\\/#primaryimage\",\"url\":\"https:\\\/\\\/nomen.es\\\/wp-content\\\/uploads\\\/2015\\\/12\\\/Evento_Bebida_Arroz_01.jpg\",\"contentUrl\":\"https:\\\/\\\/nomen.es\\\/wp-content\\\/uploads\\\/2015\\\/12\\\/Evento_Bebida_Arroz_01.jpg\",\"width\":960,\"height\":639},{\"@type\":\"BreadcrumbList\",\"@id\":\"https:\\\/\\\/nomen.es\\\/presentamos-nuestra-nueva-bebida-de-arroz-en-un-original-desayuno\\\/#breadcrumb\",\"itemListElement\":[{\"@type\":\"ListItem\",\"position\":1,\"name\":\"Portada\",\"item\":\"https:\\\/\\\/nomen.es\\\/ca\\\/\"},{\"@type\":\"ListItem\",\"position\":2,\"name\":\"Presentem la nostra nova beguda d&#8217;arr\u00f2s en un original esmorzar\"}]},{\"@type\":\"WebSite\",\"@id\":\"https:\\\/\\\/nomen.es\\\/#website\",\"url\":\"https:\\\/\\\/nomen.es\\\/\",\"name\":\"Nomen\",\"description\":\"Mucho m\u00e1s que arroz\",\"potentialAction\":[{\"@type\":\"SearchAction\",\"target\":{\"@type\":\"EntryPoint\",\"urlTemplate\":\"https:\\\/\\\/nomen.es\\\/?s={search_term_string}\"},\"query-input\":{\"@type\":\"PropertyValueSpecification\",\"valueRequired\":true,\"valueName\":\"search_term_string\"}}],\"inLanguage\":\"ca\"},{\"@type\":\"Person\",\"@id\":\"https:\\\/\\\/nomen.es\\\/#\\\/schema\\\/person\\\/e05dca4ee822516d2b98d8c40d7c7936\",\"name\":\"Nomen\",\"image\":{\"@type\":\"ImageObject\",\"inLanguage\":\"ca\",\"@id\":\"https:\\\/\\\/secure.gravatar.com\\\/avatar\\\/9706332b7e0d915e91c32e7737d8b5aea989a8aa0f5a11d27cdf2acb64563170?s=96&d=mm&r=g\",\"url\":\"https:\\\/\\\/secure.gravatar.com\\\/avatar\\\/9706332b7e0d915e91c32e7737d8b5aea989a8aa0f5a11d27cdf2acb64563170?s=96&d=mm&r=g\",\"contentUrl\":\"https:\\\/\\\/secure.gravatar.com\\\/avatar\\\/9706332b7e0d915e91c32e7737d8b5aea989a8aa0f5a11d27cdf2acb64563170?s=96&d=mm&r=g\",\"caption\":\"Nomen\"}}]}<\/script>\n<!-- \/ Yoast SEO plugin. -->","yoast_head_json":{"title":"Presentem la nostra nova beguda d'arr\u00f2s Nomen","description":"Presentem a Madrid un nou producte per a 2016: la nova beguda d'arr\u00f2s.","robots":{"index":"index","follow":"follow","max-snippet":"max-snippet:-1","max-image-preview":"max-image-preview:large","max-video-preview":"max-video-preview:-1"},"canonical":"https:\/\/nomen.es\/presentamos-nuestra-nueva-bebida-de-arroz-en-un-original-desayuno\/","og_locale":"ca_ES","og_type":"article","og_title":"Presentem la nostra nova beguda d'arr\u00f2s Nomen","og_description":"Presentem a Madrid un nou producte per a 2016: la nova beguda d'arr\u00f2s.","og_url":"https:\/\/nomen.es\/presentamos-nuestra-nueva-bebida-de-arroz-en-un-original-desayuno\/","og_site_name":"Nomen","article_published_time":"2015-12-02T11:58:17+00:00","article_modified_time":"2017-07-25T09:25:17+00:00","og_image":[{"width":960,"height":639,"url":"https:\/\/nomen.es\/wp-content\/uploads\/2015\/12\/Evento_Bebida_Arroz_01.jpg","type":"image\/jpeg"}],"author":"Nomen","twitter_misc":{"Escrit per":"Nomen","Temps estimat de lectura":"2 minuts"},"schema":{"@context":"https:\/\/schema.org","@graph":[{"@type":"Article","@id":"https:\/\/nomen.es\/presentamos-nuestra-nueva-bebida-de-arroz-en-un-original-desayuno\/#article","isPartOf":{"@id":"https:\/\/nomen.es\/presentamos-nuestra-nueva-bebida-de-arroz-en-un-original-desayuno\/"},"author":{"name":"Nomen","@id":"https:\/\/nomen.es\/#\/schema\/person\/e05dca4ee822516d2b98d8c40d7c7936"},"headline":"Presentem la nostra nova beguda d&#8217;arr\u00f2s en un original esmorzar","datePublished":"2015-12-02T11:58:17+00:00","dateModified":"2017-07-25T09:25:17+00:00","mainEntityOfPage":{"@id":"https:\/\/nomen.es\/presentamos-nuestra-nueva-bebida-de-arroz-en-un-original-desayuno\/"},"wordCount":341,"commentCount":0,"image":{"@id":"https:\/\/nomen.es\/presentamos-nuestra-nueva-bebida-de-arroz-en-un-original-desayuno\/#primaryimage"},"thumbnailUrl":"https:\/\/nomen.es\/wp-content\/uploads\/2015\/12\/Evento_Bebida_Arroz_01.jpg","keywords":["Madrid","2016","beguda d'arr\u00f2s","esdeveniments","llan\u00e7aments","novetat"],"articleSection":["Esdeveniments"],"inLanguage":"ca","potentialAction":[{"@type":"CommentAction","name":"Comment","target":["https:\/\/nomen.es\/presentamos-nuestra-nueva-bebida-de-arroz-en-un-original-desayuno\/#respond"]}]},{"@type":"WebPage","@id":"https:\/\/nomen.es\/presentamos-nuestra-nueva-bebida-de-arroz-en-un-original-desayuno\/","url":"https:\/\/nomen.es\/presentamos-nuestra-nueva-bebida-de-arroz-en-un-original-desayuno\/","name":"Presentem la nostra nova beguda d'arr\u00f2s Nomen","isPartOf":{"@id":"https:\/\/nomen.es\/#website"},"primaryImageOfPage":{"@id":"https:\/\/nomen.es\/presentamos-nuestra-nueva-bebida-de-arroz-en-un-original-desayuno\/#primaryimage"},"image":{"@id":"https:\/\/nomen.es\/presentamos-nuestra-nueva-bebida-de-arroz-en-un-original-desayuno\/#primaryimage"},"thumbnailUrl":"https:\/\/nomen.es\/wp-content\/uploads\/2015\/12\/Evento_Bebida_Arroz_01.jpg","datePublished":"2015-12-02T11:58:17+00:00","dateModified":"2017-07-25T09:25:17+00:00","author":{"@id":"https:\/\/nomen.es\/#\/schema\/person\/e05dca4ee822516d2b98d8c40d7c7936"},"description":"Presentem a Madrid un nou producte per a 2016: la nova beguda d'arr\u00f2s.","breadcrumb":{"@id":"https:\/\/nomen.es\/presentamos-nuestra-nueva-bebida-de-arroz-en-un-original-desayuno\/#breadcrumb"},"inLanguage":"ca","potentialAction":[{"@type":"ReadAction","target":["https:\/\/nomen.es\/presentamos-nuestra-nueva-bebida-de-arroz-en-un-original-desayuno\/"]}]},{"@type":"ImageObject","inLanguage":"ca","@id":"https:\/\/nomen.es\/presentamos-nuestra-nueva-bebida-de-arroz-en-un-original-desayuno\/#primaryimage","url":"https:\/\/nomen.es\/wp-content\/uploads\/2015\/12\/Evento_Bebida_Arroz_01.jpg","contentUrl":"https:\/\/nomen.es\/wp-content\/uploads\/2015\/12\/Evento_Bebida_Arroz_01.jpg","width":960,"height":639},{"@type":"BreadcrumbList","@id":"https:\/\/nomen.es\/presentamos-nuestra-nueva-bebida-de-arroz-en-un-original-desayuno\/#breadcrumb","itemListElement":[{"@type":"ListItem","position":1,"name":"Portada","item":"https:\/\/nomen.es\/ca\/"},{"@type":"ListItem","position":2,"name":"Presentem la nostra nova beguda d&#8217;arr\u00f2s en un original esmorzar"}]},{"@type":"WebSite","@id":"https:\/\/nomen.es\/#website","url":"https:\/\/nomen.es\/","name":"Nomen","description":"Mucho m\u00e1s que arroz","potentialAction":[{"@type":"SearchAction","target":{"@type":"EntryPoint","urlTemplate":"https:\/\/nomen.es\/?s={search_term_string}"},"query-input":{"@type":"PropertyValueSpecification","valueRequired":true,"valueName":"search_term_string"}}],"inLanguage":"ca"},{"@type":"Person","@id":"https:\/\/nomen.es\/#\/schema\/person\/e05dca4ee822516d2b98d8c40d7c7936","name":"Nomen","image":{"@type":"ImageObject","inLanguage":"ca","@id":"https:\/\/secure.gravatar.com\/avatar\/9706332b7e0d915e91c32e7737d8b5aea989a8aa0f5a11d27cdf2acb64563170?s=96&d=mm&r=g","url":"https:\/\/secure.gravatar.com\/avatar\/9706332b7e0d915e91c32e7737d8b5aea989a8aa0f5a11d27cdf2acb64563170?s=96&d=mm&r=g","contentUrl":"https:\/\/secure.gravatar.com\/avatar\/9706332b7e0d915e91c32e7737d8b5aea989a8aa0f5a11d27cdf2acb64563170?s=96&d=mm&r=g","caption":"Nomen"}}]}},"_links":{"self":[{"href":"https:\/\/nomen.es\/ca\/wp-json\/wp\/v2\/posts\/1379","targetHints":{"allow":["GET"]}}],"collection":[{"href":"https:\/\/nomen.es\/ca\/wp-json\/wp\/v2\/posts"}],"about":[{"href":"https:\/\/nomen.es\/ca\/wp-json\/wp\/v2\/types\/post"}],"author":[{"embeddable":true,"href":"https:\/\/nomen.es\/ca\/wp-json\/wp\/v2\/users\/2"}],"replies":[{"embeddable":true,"href":"https:\/\/nomen.es\/ca\/wp-json\/wp\/v2\/comments?post=1379"}],"version-history":[{"count":0,"href":"https:\/\/nomen.es\/ca\/wp-json\/wp\/v2\/posts\/1379\/revisions"}],"wp:featuredmedia":[{"embeddable":true,"href":"https:\/\/nomen.es\/ca\/wp-json\/wp\/v2\/media\/1375"}],"wp:attachment":[{"href":"https:\/\/nomen.es\/ca\/wp-json\/wp\/v2\/media?parent=1379"}],"wp:term":[{"taxonomy":"category","embeddable":true,"href":"https:\/\/nomen.es\/ca\/wp-json\/wp\/v2\/categories?post=1379"},{"taxonomy":"post_tag","embeddable":true,"href":"https:\/\/nomen.es\/ca\/wp-json\/wp\/v2\/tags?post=1379"}],"curies":[{"name":"wp","href":"https:\/\/api.w.org\/{rel}","templated":true}]}}