{"id":1881,"date":"2016-05-30T10:00:01","date_gmt":"2016-05-30T09:00:01","guid":{"rendered":"https:\/\/nomen.es\/ca\/?p=1881"},"modified":"2016-05-30T10:00:01","modified_gmt":"2016-05-30T09:00:01","slug":"apren-congelar-aliments-i-allargar-la-seva-vida-util","status":"publish","type":"post","link":"https:\/\/nomen.es\/ca\/apren-congelar-aliments-i-allargar-la-seva-vida-util\/","title":{"rendered":"Apr\u00e8n a congelar aliments i allargar la seva vida \u00fatil"},"content":{"rendered":"<p>La falta de temps, molts cops, \u00e9s la principal causa de caure en la temptaci\u00f3 de consumir menjar r\u00e0pid o preparat, que \u00e9s menys saludable i m\u00e9s car. Per aix\u00f2 avui explicarem la t\u00e8cnica del congelat. <strong>Congelar aliments<\/strong> \u00e9s\u00a0una eina molt efica\u00e7 per estalviar-nos temps i organitzar els nostres menjars perqu\u00e8 siguin equilibrats i variats.<\/p>\n<h3><strong>La t\u00e8cnica del congelat<\/strong><\/h3>\n<p>La congelaci\u00f3 dels aliments \u00e9s una t\u00e8cnica que es basa en la conservaci\u00f3 dels aliments per solidificaci\u00f3 de l&#8217;aigua que contenen.<\/p>\n<p>Un dels principals avantatges de congelar els aliments \u00e9s que, a m\u00e9s de conservar-los, <strong>evita la proliferaci\u00f3 de microorganismes<\/strong>, ja que per sota de -10\u00baC el creixement i desenvolupament dels mateixos es det\u00e9. Per\u00f2 \u00e9s important recalcar que la congelaci\u00f3 evita la proliferaci\u00f3 de bacteris, per\u00f2 <strong>no els elimina<\/strong>, per tant, si l&#8217;aliment estava contaminat abans de ser congelat, seguir\u00e0 amb les mateixes caracter\u00edstiques un cop descongelat.<\/p>\n<p>Perqu\u00e8 el proc\u00e9s de congelaci\u00f3 sigui eficient, haur\u00e0 de complir unes condicions de seguretat \u00f2ptimes:<\/p>\n<p style=\"padding-left: 30px;\">&#8211; Escollir aliments frescos i de bona qualitat, evitant aix\u00ed que estiguin contaminats pr\u00e8viament.<\/p>\n<p style=\"padding-left: 30px;\">&#8211; Envasar els aliments en recipients adequats que els protegeixin de possibles contaminacions i evitin p\u00e8rdues de l\u00edquids, aix\u00ed com el seu contacte amb l&#8217;aire. \u00c9s preferible congelar els productes separats per racions individuals que es puguin consumen d\u2019un cop. S\u00f3n diferents els sistemes que es poden utilitzar:<\/p>\n<p style=\"padding-left: 60px;\"><strong>1. Envasos de pl\u00e0stic o <\/strong><a href=\"https:\/\/nomen.es\/ideas-sabrosas-para-comer-de-tupper\/\"><strong>tuppers<\/strong><\/a>: son pr\u00e1cticos para alimentos l\u00edquidos o semil\u00edquidos (zumos de frutas, sopas, salsas y caldos para cocinar), pero son aptos para cualquier tipo de alimento. Es mejor que sean cuadrados, ya que los redondos ocupan m\u00e1s espacio. Su principal ventaja es que se pueden usar varias veces y apilar, aunque a bajas temperaturas hemos de tener en cuenta que pueden ser un poco fr\u00e1giles.<\/p>\n<p style=\"padding-left: 60px;\"><strong>2. <\/strong><strong>Bosses de polietil\u00e8:<\/strong> s&#8217;adhereixen perfectament a l&#8217;aliment. Alguns models resisteixen a la calor i poden col\u00b7locar-se directament amb l&#8217;aigua bullint. Hem de tenir en compte que nom\u00e9s es poden utilitzar les bosses espec\u00edfiques per a \u00fas alimentari i que no es poden reutilitzar.<\/p>\n<p style=\"padding-left: 60px;\"><strong>3. Terrines d&#8217;alumini:<\/strong> Molt pr\u00e0ctiques per congelar plats que passen directament del congelador al forn. L&#8217;\u00fanic desavantatge que tenen \u00e9s que no s\u00f3n adequades pels aliments \u00e0cids o salats i no es poden introduir al microones, tret que en l&#8217;env\u00e0s s&#8217;indiqui el contrari.<\/p>\n<p style=\"padding-left: 60px;\"><strong>4. Envasos de vidre:<\/strong> al no ser un material por\u00f3s no es deformen amb el canvi de temperatura. L&#8217;\u00fanic inconvenient \u00e9s que no s\u00f3n flexibles i poden esclatar amb temperatures molt baixes, ja que el fred augmenta la grand\u00e0ria dels aliments que cont\u00e9 el recipient en congelar-los, de manera que aquests exerceixen pressi\u00f3 sobre el vidre.<\/p>\n<p style=\"padding-left: 60px;\"><strong>5. Paper de pl\u00e0stic<\/strong> (film transparent): Pot servir per embolicar peces a\u00efllades com un filet de carn o peix, per\u00f2 el seu tancament no \u00e9s tan herm\u00e8tic, per la qual cosa \u00e9s f\u00e0cil que l&#8217;aliment perdi part de la seva frescor. S&#8217;aconsella sempre realitzar un doble embolcall i prioritzar la bossa de pl\u00e0stic sempre que es pugui.<\/p>\n<p style=\"padding-left: 60px;\"><strong>6. Paper d&#8217;alumini:<\/strong> La seva funci\u00f3 \u00e9s la mateixa que la del paper de pl\u00e0stic, per\u00f2 el paper d&#8217;alumini a\u00eflla i conserva millor l&#8217;aliment.<\/p>\n<p style=\"padding-left: 30px;\">S&#8217;esculli el sistema que s&#8217;esculli, per consumir els aliments en el temps adequat, ser\u00e0 necessari marcar en l&#8217;env\u00e0s indicat:<\/p>\n<p style=\"padding-left: 60px;\"><strong>\u00b7 <strong>El contingut i el nombre de racions<\/strong>: <\/strong>per a aix\u00f2 es poden fer \u00fas d\u2019etiquetes adhesives que resisteixin el vapor i el fred o es pot escriure directament sobre la tapa amb un retolador indeleble resistent a l&#8217;aigua.<\/p>\n<p style=\"padding-left: 60px;\"><strong>\u00b7 <strong>La data de preparaci\u00f3<\/strong>: <\/strong>\u00e9s una mica dif\u00edcil establir un temps recomanat d&#8217;emmagatzematge per a cada tipus d&#8217;aliment, per\u00f2 una recomanaci\u00f3 general seria conservar els aliments congelats durant un m\u00e0xim de tres mesos.<\/p>\n<p style=\"padding-left: 30px;\">&#8211; La congelaci\u00f3 haur\u00e0 de ser la m\u00e9s r\u00e0pida possible, per aix\u00ed conservar millor les seves qualitats organol\u00e8ptiques i reduir el risc de contaminaci\u00f3.<\/p>\n<p style=\"padding-left: 30px;\">&#8211; Abans de congelar els plats cuinats han de deixar-se refredar per, d&#8217;una banda, evitar augmentar la temperatura del congelador i, per l&#8217;altra, impedir que es descongelin la resta d&#8217;aliments amb els quals estiguin en contacte. Per\u00f2 recordeu que deixar-los refredar durant una hora \u00e9s suficient, ja que en temperatura ambient \u00e9s on els bacteris es multipliquen m\u00e9s r\u00e0pidament.<\/p>\n<p><center><img decoding=\"async\" class=\"aligncenter wp-image-1599 size-full\" src=\"https:\/\/nomen.es\/wp-content\/uploads\/2016\/02\/termometro_nevera_cat.png\" alt=\"\" width=\"500\" height=\"312\" srcset=\"https:\/\/nomen.es\/wp-content\/uploads\/2016\/02\/termometro_nevera_cat.png 500w, https:\/\/nomen.es\/wp-content\/uploads\/2016\/02\/termometro_nevera_cat-300x187.png 300w\" sizes=\"(max-width: 500px) 100vw, 500px\" \/><\/center><br \/>\n<strong>Sabeu qu\u00e8 significa el nombre d&#8217;estels del congelador?<\/strong> En funci\u00f3 de la capacitat d&#8217;aconseguir menor temperatura, els congeladors es classifiquen amb &#8220;estels&#8221;, d&#8217;1 a 4. Les diferents temperatures tenen associats diferents temps de conservaci\u00f3, com \u00a0mostra la taula. Per tant, abans de congelar qualsevol aliment \u00e9s important saber el nombre d&#8217;estels que t\u00e9 el nostre congelador, sent 4 el nombre d&#8217;estels ideal per congelar aliments frescos.<\/p>\n<p><center><img decoding=\"async\" class=\"aligncenter size-full wp-image-1872\" src=\"https:\/\/nomen.es\/wp-content\/uploads\/2016\/05\/temperatura_congelador.jpg\" alt=\"temperatura_congelador\" width=\"600\" height=\"146\" srcset=\"https:\/\/nomen.es\/wp-content\/uploads\/2016\/05\/temperatura_congelador.jpg 600w, https:\/\/nomen.es\/wp-content\/uploads\/2016\/05\/temperatura_congelador-300x73.jpg 300w\" sizes=\"(max-width: 600px) 100vw, 600px\" \/><\/center><\/p>\n<p style=\"text-align: center;\"><a href=\"https:\/\/educativa.catedu.es\/44700165\/aula\/archivos\/repositorio\/\/4750\/4936\/html\/5_innovaciones_y_curiosidades.html\" target=\"_blank\">Font<\/a><\/p>\n<blockquote><p>A l&#8217;hora de congelar aliments \u00e9s molt important escollir b\u00e9 l&#8217;env\u00e0s on vagin a conservar-se, ja que si no estiguessin embolicats correctament poden patir alteracions com \u201cla cremada per fred\u201d, que es caracteritza per l&#8217;aparici\u00f3 de taques de color marr\u00f3 a la superf\u00edcie dels aliments.<\/p><\/blockquote>\n<p><strong>Congelar aliments \u00e9s\u00a0molt efica\u00e7 per estalviar-nos moltes hores cuinant<\/strong>, ja que ens permet anar reservant menjars preparats en racions quan hem cuinat de m\u00e9s, o fer la compra setmanal o mensual congelant els aliments frescos una vegada arribem a casa. Nom\u00e9s \u00e9s q\u00fcesti\u00f3 de seguir aquests senzills passos per fer-ho de la forma m\u00e9s adequada possible!<\/p>\n","protected":false},"excerpt":{"rendered":"<p>La falta de temps, molts cops, \u00e9s la principal causa de caure en la temptaci\u00f3 de consumir menjar r\u00e0pid o preparat, que \u00e9s menys saludable i m\u00e9s car. Per aix\u00f2 avui explicarem la t\u00e8cnica del congelat. Congelar aliments \u00e9s\u00a0una eina molt efica\u00e7 per estalviar-nos temps i organitzar els nostres menjars perqu\u00e8 siguin equilibrats i variats. [&hellip;]<\/p>\n","protected":false},"author":2,"featured_media":1871,"comment_status":"open","ping_status":"open","sticky":false,"template":"","format":"standard","meta":{"_acf_changed":false,"_et_pb_use_builder":"","_et_pb_old_content":"","_et_gb_content_width":"","inline_featured_image":false,"footnotes":""},"categories":[145,584],"tags":[245,91,99,117,142,244],"class_list":["post-1881","post","type-post","status-publish","format-standard","has-post-thumbnail","hentry","category-trucs-i-consells","category-trucos-y-consejos-ca","tag-congelar","tag-alimentos-ca","tag-aliments","tag-consells","tag-facil","tag-temps"],"acf":[],"yoast_head":"<!-- This site is optimized with the Yoast SEO plugin v27.4 - https:\/\/yoast.com\/product\/yoast-seo-wordpress\/ -->\n<title>Apr\u00e8n a congelar aliments i allargar la seva vida \u00fatil - Nomen<\/title>\n<meta name=\"description\" content=\"Congelar aliments \u00e9s una eina molt efica\u00e7 per a estalviar-nos temps i organitzar les nostres menjars perqu\u00e8 siguin equilibrades i variades.\" \/>\n<meta name=\"robots\" content=\"index, follow, max-snippet:-1, max-image-preview:large, max-video-preview:-1\" \/>\n<link rel=\"canonical\" href=\"https:\/\/nomen.es\/aprende-congelar-alimentos-alargar-vida-util\/\" \/>\n<meta property=\"og:locale\" content=\"ca_ES\" \/>\n<meta property=\"og:type\" content=\"article\" \/>\n<meta property=\"og:title\" content=\"Apr\u00e8n a congelar aliments i allargar la seva vida \u00fatil - Nomen\" \/>\n<meta property=\"og:description\" content=\"Congelar aliments \u00e9s una eina molt efica\u00e7 per a estalviar-nos temps i organitzar les nostres menjars perqu\u00e8 siguin equilibrades i variades.\" \/>\n<meta property=\"og:url\" content=\"https:\/\/nomen.es\/aprende-congelar-alimentos-alargar-vida-util\/\" \/>\n<meta property=\"og:site_name\" content=\"Nomen\" \/>\n<meta property=\"article:published_time\" content=\"2016-05-30T09:00:01+00:00\" \/>\n<meta property=\"og:image\" content=\"https:\/\/nomen.es\/wp-content\/uploads\/2016\/05\/congelar-alimentos.jpg\" \/>\n\t<meta property=\"og:image:width\" content=\"900\" \/>\n\t<meta property=\"og:image:height\" content=\"600\" \/>\n\t<meta property=\"og:image:type\" content=\"image\/jpeg\" \/>\n<meta name=\"author\" content=\"Nomen\" \/>\n<meta name=\"twitter:label1\" content=\"Escrit per\" \/>\n\t<meta name=\"twitter:data1\" content=\"Nomen\" \/>\n\t<meta name=\"twitter:label2\" content=\"Temps estimat de lectura\" \/>\n\t<meta name=\"twitter:data2\" content=\"5 minuts\" \/>\n<script type=\"application\/ld+json\" class=\"yoast-schema-graph\">{\"@context\":\"https:\\\/\\\/schema.org\",\"@graph\":[{\"@type\":\"Article\",\"@id\":\"https:\\\/\\\/nomen.es\\\/aprende-congelar-alimentos-alargar-vida-util\\\/#article\",\"isPartOf\":{\"@id\":\"https:\\\/\\\/nomen.es\\\/aprende-congelar-alimentos-alargar-vida-util\\\/\"},\"author\":{\"name\":\"Nomen\",\"@id\":\"https:\\\/\\\/nomen.es\\\/#\\\/schema\\\/person\\\/e05dca4ee822516d2b98d8c40d7c7936\"},\"headline\":\"Apr\u00e8n a congelar aliments i allargar la seva vida \u00fatil\",\"datePublished\":\"2016-05-30T09:00:01+00:00\",\"mainEntityOfPage\":{\"@id\":\"https:\\\/\\\/nomen.es\\\/aprende-congelar-alimentos-alargar-vida-util\\\/\"},\"wordCount\":946,\"commentCount\":0,\"image\":{\"@id\":\"https:\\\/\\\/nomen.es\\\/aprende-congelar-alimentos-alargar-vida-util\\\/#primaryimage\"},\"thumbnailUrl\":\"https:\\\/\\\/nomen.es\\\/wp-content\\\/uploads\\\/2016\\\/05\\\/congelar-alimentos.jpg\",\"keywords\":[\"congelar\",\"alimentos\",\"aliments\",\"consells\",\"f\u00e1cil\",\"temps\"],\"articleSection\":[\"Trucs i consells\",\"Trucos y consejos\"],\"inLanguage\":\"ca\",\"potentialAction\":[{\"@type\":\"CommentAction\",\"name\":\"Comment\",\"target\":[\"https:\\\/\\\/nomen.es\\\/aprende-congelar-alimentos-alargar-vida-util\\\/#respond\"]}]},{\"@type\":\"WebPage\",\"@id\":\"https:\\\/\\\/nomen.es\\\/aprende-congelar-alimentos-alargar-vida-util\\\/\",\"url\":\"https:\\\/\\\/nomen.es\\\/aprende-congelar-alimentos-alargar-vida-util\\\/\",\"name\":\"Apr\u00e8n a congelar aliments i allargar la seva vida \u00fatil - Nomen\",\"isPartOf\":{\"@id\":\"https:\\\/\\\/nomen.es\\\/#website\"},\"primaryImageOfPage\":{\"@id\":\"https:\\\/\\\/nomen.es\\\/aprende-congelar-alimentos-alargar-vida-util\\\/#primaryimage\"},\"image\":{\"@id\":\"https:\\\/\\\/nomen.es\\\/aprende-congelar-alimentos-alargar-vida-util\\\/#primaryimage\"},\"thumbnailUrl\":\"https:\\\/\\\/nomen.es\\\/wp-content\\\/uploads\\\/2016\\\/05\\\/congelar-alimentos.jpg\",\"datePublished\":\"2016-05-30T09:00:01+00:00\",\"author\":{\"@id\":\"https:\\\/\\\/nomen.es\\\/#\\\/schema\\\/person\\\/e05dca4ee822516d2b98d8c40d7c7936\"},\"description\":\"Congelar aliments \u00e9s una eina molt efica\u00e7 per a estalviar-nos temps i organitzar les nostres menjars perqu\u00e8 siguin equilibrades i variades.\",\"breadcrumb\":{\"@id\":\"https:\\\/\\\/nomen.es\\\/aprende-congelar-alimentos-alargar-vida-util\\\/#breadcrumb\"},\"inLanguage\":\"ca\",\"potentialAction\":[{\"@type\":\"ReadAction\",\"target\":[\"https:\\\/\\\/nomen.es\\\/aprende-congelar-alimentos-alargar-vida-util\\\/\"]}]},{\"@type\":\"ImageObject\",\"inLanguage\":\"ca\",\"@id\":\"https:\\\/\\\/nomen.es\\\/aprende-congelar-alimentos-alargar-vida-util\\\/#primaryimage\",\"url\":\"https:\\\/\\\/nomen.es\\\/wp-content\\\/uploads\\\/2016\\\/05\\\/congelar-alimentos.jpg\",\"contentUrl\":\"https:\\\/\\\/nomen.es\\\/wp-content\\\/uploads\\\/2016\\\/05\\\/congelar-alimentos.jpg\",\"width\":900,\"height\":600},{\"@type\":\"BreadcrumbList\",\"@id\":\"https:\\\/\\\/nomen.es\\\/aprende-congelar-alimentos-alargar-vida-util\\\/#breadcrumb\",\"itemListElement\":[{\"@type\":\"ListItem\",\"position\":1,\"name\":\"Portada\",\"item\":\"https:\\\/\\\/nomen.es\\\/ca\\\/\"},{\"@type\":\"ListItem\",\"position\":2,\"name\":\"Apr\u00e8n a congelar aliments i allargar la seva vida \u00fatil\"}]},{\"@type\":\"WebSite\",\"@id\":\"https:\\\/\\\/nomen.es\\\/#website\",\"url\":\"https:\\\/\\\/nomen.es\\\/\",\"name\":\"Nomen\",\"description\":\"Mucho m\u00e1s que arroz\",\"potentialAction\":[{\"@type\":\"SearchAction\",\"target\":{\"@type\":\"EntryPoint\",\"urlTemplate\":\"https:\\\/\\\/nomen.es\\\/?s={search_term_string}\"},\"query-input\":{\"@type\":\"PropertyValueSpecification\",\"valueRequired\":true,\"valueName\":\"search_term_string\"}}],\"inLanguage\":\"ca\"},{\"@type\":\"Person\",\"@id\":\"https:\\\/\\\/nomen.es\\\/#\\\/schema\\\/person\\\/e05dca4ee822516d2b98d8c40d7c7936\",\"name\":\"Nomen\",\"image\":{\"@type\":\"ImageObject\",\"inLanguage\":\"ca\",\"@id\":\"https:\\\/\\\/secure.gravatar.com\\\/avatar\\\/9706332b7e0d915e91c32e7737d8b5aea989a8aa0f5a11d27cdf2acb64563170?s=96&d=mm&r=g\",\"url\":\"https:\\\/\\\/secure.gravatar.com\\\/avatar\\\/9706332b7e0d915e91c32e7737d8b5aea989a8aa0f5a11d27cdf2acb64563170?s=96&d=mm&r=g\",\"contentUrl\":\"https:\\\/\\\/secure.gravatar.com\\\/avatar\\\/9706332b7e0d915e91c32e7737d8b5aea989a8aa0f5a11d27cdf2acb64563170?s=96&d=mm&r=g\",\"caption\":\"Nomen\"}}]}<\/script>\n<!-- \/ Yoast SEO plugin. -->","yoast_head_json":{"title":"Apr\u00e8n a congelar aliments i allargar la seva vida \u00fatil - Nomen","description":"Congelar aliments \u00e9s una eina molt efica\u00e7 per a estalviar-nos temps i organitzar les nostres menjars perqu\u00e8 siguin equilibrades i variades.","robots":{"index":"index","follow":"follow","max-snippet":"max-snippet:-1","max-image-preview":"max-image-preview:large","max-video-preview":"max-video-preview:-1"},"canonical":"https:\/\/nomen.es\/aprende-congelar-alimentos-alargar-vida-util\/","og_locale":"ca_ES","og_type":"article","og_title":"Apr\u00e8n a congelar aliments i allargar la seva vida \u00fatil - Nomen","og_description":"Congelar aliments \u00e9s una eina molt efica\u00e7 per a estalviar-nos temps i organitzar les nostres menjars perqu\u00e8 siguin equilibrades i variades.","og_url":"https:\/\/nomen.es\/aprende-congelar-alimentos-alargar-vida-util\/","og_site_name":"Nomen","article_published_time":"2016-05-30T09:00:01+00:00","og_image":[{"width":900,"height":600,"url":"https:\/\/nomen.es\/wp-content\/uploads\/2016\/05\/congelar-alimentos.jpg","type":"image\/jpeg"}],"author":"Nomen","twitter_misc":{"Escrit per":"Nomen","Temps estimat de lectura":"5 minuts"},"schema":{"@context":"https:\/\/schema.org","@graph":[{"@type":"Article","@id":"https:\/\/nomen.es\/aprende-congelar-alimentos-alargar-vida-util\/#article","isPartOf":{"@id":"https:\/\/nomen.es\/aprende-congelar-alimentos-alargar-vida-util\/"},"author":{"name":"Nomen","@id":"https:\/\/nomen.es\/#\/schema\/person\/e05dca4ee822516d2b98d8c40d7c7936"},"headline":"Apr\u00e8n a congelar aliments i allargar la seva vida \u00fatil","datePublished":"2016-05-30T09:00:01+00:00","mainEntityOfPage":{"@id":"https:\/\/nomen.es\/aprende-congelar-alimentos-alargar-vida-util\/"},"wordCount":946,"commentCount":0,"image":{"@id":"https:\/\/nomen.es\/aprende-congelar-alimentos-alargar-vida-util\/#primaryimage"},"thumbnailUrl":"https:\/\/nomen.es\/wp-content\/uploads\/2016\/05\/congelar-alimentos.jpg","keywords":["congelar","alimentos","aliments","consells","f\u00e1cil","temps"],"articleSection":["Trucs i consells","Trucos y consejos"],"inLanguage":"ca","potentialAction":[{"@type":"CommentAction","name":"Comment","target":["https:\/\/nomen.es\/aprende-congelar-alimentos-alargar-vida-util\/#respond"]}]},{"@type":"WebPage","@id":"https:\/\/nomen.es\/aprende-congelar-alimentos-alargar-vida-util\/","url":"https:\/\/nomen.es\/aprende-congelar-alimentos-alargar-vida-util\/","name":"Apr\u00e8n a congelar aliments i allargar la seva vida \u00fatil - Nomen","isPartOf":{"@id":"https:\/\/nomen.es\/#website"},"primaryImageOfPage":{"@id":"https:\/\/nomen.es\/aprende-congelar-alimentos-alargar-vida-util\/#primaryimage"},"image":{"@id":"https:\/\/nomen.es\/aprende-congelar-alimentos-alargar-vida-util\/#primaryimage"},"thumbnailUrl":"https:\/\/nomen.es\/wp-content\/uploads\/2016\/05\/congelar-alimentos.jpg","datePublished":"2016-05-30T09:00:01+00:00","author":{"@id":"https:\/\/nomen.es\/#\/schema\/person\/e05dca4ee822516d2b98d8c40d7c7936"},"description":"Congelar aliments \u00e9s una eina molt efica\u00e7 per a estalviar-nos temps i organitzar les nostres menjars perqu\u00e8 siguin equilibrades i variades.","breadcrumb":{"@id":"https:\/\/nomen.es\/aprende-congelar-alimentos-alargar-vida-util\/#breadcrumb"},"inLanguage":"ca","potentialAction":[{"@type":"ReadAction","target":["https:\/\/nomen.es\/aprende-congelar-alimentos-alargar-vida-util\/"]}]},{"@type":"ImageObject","inLanguage":"ca","@id":"https:\/\/nomen.es\/aprende-congelar-alimentos-alargar-vida-util\/#primaryimage","url":"https:\/\/nomen.es\/wp-content\/uploads\/2016\/05\/congelar-alimentos.jpg","contentUrl":"https:\/\/nomen.es\/wp-content\/uploads\/2016\/05\/congelar-alimentos.jpg","width":900,"height":600},{"@type":"BreadcrumbList","@id":"https:\/\/nomen.es\/aprende-congelar-alimentos-alargar-vida-util\/#breadcrumb","itemListElement":[{"@type":"ListItem","position":1,"name":"Portada","item":"https:\/\/nomen.es\/ca\/"},{"@type":"ListItem","position":2,"name":"Apr\u00e8n a congelar aliments i allargar la seva vida \u00fatil"}]},{"@type":"WebSite","@id":"https:\/\/nomen.es\/#website","url":"https:\/\/nomen.es\/","name":"Nomen","description":"Mucho m\u00e1s que arroz","potentialAction":[{"@type":"SearchAction","target":{"@type":"EntryPoint","urlTemplate":"https:\/\/nomen.es\/?s={search_term_string}"},"query-input":{"@type":"PropertyValueSpecification","valueRequired":true,"valueName":"search_term_string"}}],"inLanguage":"ca"},{"@type":"Person","@id":"https:\/\/nomen.es\/#\/schema\/person\/e05dca4ee822516d2b98d8c40d7c7936","name":"Nomen","image":{"@type":"ImageObject","inLanguage":"ca","@id":"https:\/\/secure.gravatar.com\/avatar\/9706332b7e0d915e91c32e7737d8b5aea989a8aa0f5a11d27cdf2acb64563170?s=96&d=mm&r=g","url":"https:\/\/secure.gravatar.com\/avatar\/9706332b7e0d915e91c32e7737d8b5aea989a8aa0f5a11d27cdf2acb64563170?s=96&d=mm&r=g","contentUrl":"https:\/\/secure.gravatar.com\/avatar\/9706332b7e0d915e91c32e7737d8b5aea989a8aa0f5a11d27cdf2acb64563170?s=96&d=mm&r=g","caption":"Nomen"}}]}},"_links":{"self":[{"href":"https:\/\/nomen.es\/ca\/wp-json\/wp\/v2\/posts\/1881","targetHints":{"allow":["GET"]}}],"collection":[{"href":"https:\/\/nomen.es\/ca\/wp-json\/wp\/v2\/posts"}],"about":[{"href":"https:\/\/nomen.es\/ca\/wp-json\/wp\/v2\/types\/post"}],"author":[{"embeddable":true,"href":"https:\/\/nomen.es\/ca\/wp-json\/wp\/v2\/users\/2"}],"replies":[{"embeddable":true,"href":"https:\/\/nomen.es\/ca\/wp-json\/wp\/v2\/comments?post=1881"}],"version-history":[{"count":0,"href":"https:\/\/nomen.es\/ca\/wp-json\/wp\/v2\/posts\/1881\/revisions"}],"wp:featuredmedia":[{"embeddable":true,"href":"https:\/\/nomen.es\/ca\/wp-json\/wp\/v2\/media\/1871"}],"wp:attachment":[{"href":"https:\/\/nomen.es\/ca\/wp-json\/wp\/v2\/media?parent=1881"}],"wp:term":[{"taxonomy":"category","embeddable":true,"href":"https:\/\/nomen.es\/ca\/wp-json\/wp\/v2\/categories?post=1881"},{"taxonomy":"post_tag","embeddable":true,"href":"https:\/\/nomen.es\/ca\/wp-json\/wp\/v2\/tags?post=1881"}],"curies":[{"name":"wp","href":"https:\/\/api.w.org\/{rel}","templated":true}]}}