{"id":21532,"date":"2022-10-06T08:33:09","date_gmt":"2022-10-06T06:33:09","guid":{"rendered":"https:\/\/nomen.es\/?p=21532"},"modified":"2022-10-06T08:33:09","modified_gmt":"2022-10-06T06:33:09","slug":"amb-nomen-convidar-a-casa-es-mes-facil-paella-fideuada-o-arros-negre","status":"publish","type":"post","link":"https:\/\/nomen.es\/ca\/amb-nomen-convidar-a-casa-es-mes-facil-paella-fideuada-o-arros-negre\/","title":{"rendered":"Amb Nomen, convidar a casa \u00e9s m\u00e9s f\u00e0cil: paella, fideuada o arr\u00f2s negre"},"content":{"rendered":"<p>Decidir qu\u00e8 cuinar <strong>quan tens convidats a casa<\/strong> pot ser un mal de cap. El m\u00e9s complicat no \u00e9s comprar ni cuinar, sin\u00f3 pensar <strong>el plat que preparar\u00e0s<\/strong> perqu\u00e8 agradi a tothom.<\/p>\n<p>Una vegada has decidit la (o les) receptes, toca fer la llista dels ingredients i comprar-los. I, el dia del dinar, matinar una mica per a endre\u00e7ar la casa i <strong>passar una bona estona a la cuina<\/strong>. No sembla un pla molt divertit, i si a m\u00e9s prepares alguna cosa que hagis d\u2019acabar just abans de servir, <strong>et perdr\u00e0s la major part de la festa<\/strong>.<\/p>\n<p>Una vegada m\u00e9s, <strong>Nomen ve a rescatar-te<\/strong>. Perqu\u00e8 amb els seus <a href=\"https:\/\/nomen.es\/ca\/productes-nomen\/plats-preparats\/\">plats preparats<\/a>, tot \u00e9s molt m\u00e9s senzill. No necessitar\u00e0s ingredients extra, embrutar\u00e0s poqu\u00edssim la cuina i <strong>en 15 minuts tindr\u00e0s el dinar a punt<\/strong>. I no un dinar qualsevol: un plat de sabor 100% mediterrani, tradicional, amb els millors ingredients i que sempre queda delici\u00f3s.<\/p>\n<h2>Plats mediterranis llestos en pocs minuts<\/h2>\n<p>Tens 3 opcions per escollir: <strong>paella, fideuada o arr\u00f2s negre<\/strong>. Els plats preparats de Nomen estan pensats per a 3 o 4 racions. Sou m\u00e9s colla? Nom\u00e9s haur\u00e0s de fer el doble de quantitat (o el que necessitis).<\/p>\n<p>En qualsevol dels tres plats hi trobar\u00e0s tot all\u00f2 imprescindible per a preparar-los dins el paquet de Nomen. Per un cant\u00f3 hi ha una llauna amb el brou i per l\u2019altre, una bosseta amb l\u2019arr\u00f2s o els fideus.<\/p>\n<ul>\n<li><a href=\"https:\/\/nomen.es\/ca\/plats-preparats\/paella\/\"><strong>Paella<\/strong><\/a>: 590 grams de brou de peix i marisc en llauna i una bossa d\u2019arr\u00f2s extra de 280 grams. Necessita <strong>15 minuts de cocci\u00f3<\/strong> i 5 minuts de rep\u00f2s. Si vols enriquir-la, quan hagin passat 10 minuts des de que hagi arrencat el bull, pots afegir-hi uns musclos o unes clo\u00efsses. Tamb\u00e9 unes gambes marcades a la paella.<\/li>\n<li><a href=\"https:\/\/nomen.es\/ca\/plats-preparats\/fideuada\/\"><strong>Fideuada<\/strong><\/a>: el paquet inclou una llauna de brou de 590 grams i una bosseta de 250 grams de fideus. Aquesta \u00e9s la recepta m\u00e9s r\u00e0pida: <strong>estar\u00e0 a punt en nom\u00e9s 11 minuts!<\/strong> I si vols donar-li un plus, pots afegir-hi una mica de calamar o de s\u00edpia saltejats, algun marisc (musclos, tallarines, gambes, escamarlans, llagostins&#8230;). Una mica d\u2019allioli o una maionesa amb all, m\u00e9s suau, posaran el toc final al teu plat. En el darrer moment, posa-la un parell de minuts al forn i el resultat ser\u00e0 excepcional.<\/li>\n<li><a href=\"https:\/\/nomen.es\/ca\/plats-preparats\/arros-negre\/\"><strong>Arr\u00f2s negre<\/strong><\/a>: l\u2019arr\u00f2s negre preparat de Nomen es presenta en un env\u00e0s amb una llauna de brou de 600 grams, una bossa de 280 grams d\u2019arr\u00f2s extra i una bosseta de tinta. Quan de temps necessitar\u00e0s per a cuinar-lo? Nom\u00e9s <strong>15 minuts + 5 de rep\u00f2s<\/strong>. Vols donar-li el teu toc personal? Afegeix-li uns xipirons lleugerament saltats quan quedin uns 8-10 minuts per a acabar la cocci\u00f3. I serveix tamb\u00e9 l\u2019arr\u00f2s negre amb una maionesa amb all o, si ets de gustos potents, amb un allioli aut\u00e8ntic (nom\u00e9s oli i all).<\/li>\n<\/ul>\n<h2>Entrant i postres per a acompanyar la paella, la fideuada o l\u2019arr\u00f2s negre de Nomen<\/h2>\n<p>Tant la paella com l\u2019arr\u00f2s negre i la fideuada s\u00f3n plats complets que nom\u00e9s necessitar\u00e0s acompanyar d\u2019una amanida de crudit\u00e9s i una pe\u00e7a de fruita o un iogurt si \u00e9s un \u00e0pat d\u2019un dia qualsevol.<\/p>\n<p>El cap de setmana, o si tens convidats, pots lluir-te una mica m\u00e9s i preparar un bon aperitiu (una mica de formatge, olives, patates fregides o els snacks que m\u00e9s t\u2019agradin, unes minibroquetes de tom\u00e0quet i mozzarella amb orenga, uns seitons en vinagre&#8230;). Tamb\u00e9 una amanida o una crema de verdures poden ser un bon entrant. I, de postres, si no vols cuinar, pots servir una bola de gelat en una tulipa de galeta. Si vols sorprendre els teus convidats amb un postre casol\u00e0, un flam d\u2019ou o una mousse de xocolata s\u00f3n <strong>receptes f\u00e0cils que pots deixar fetes el dia abans<\/strong>.<\/p>\n","protected":false},"excerpt":{"rendered":"<p>Decidir qu\u00e8 cuinar quan tens convidats a casa pot ser un mal de cap. El m\u00e9s complicat no \u00e9s comprar ni cuinar, sin\u00f3 pensar el plat que preparar\u00e0s perqu\u00e8 agradi a tothom. Una vegada has decidit la (o les) receptes, toca fer la llista dels ingredients i comprar-los. I, el dia del dinar, matinar una [&hellip;]<\/p>\n","protected":false},"author":2,"featured_media":21587,"comment_status":"open","ping_status":"open","sticky":false,"template":"","format":"standard","meta":{"_acf_changed":false,"_et_pb_use_builder":"","_et_pb_old_content":"","_et_gb_content_width":"","inline_featured_image":false,"footnotes":""},"categories":[1081],"tags":[],"class_list":["post-21532","post","type-post","status-publish","format-standard","has-post-thumbnail","hentry","category-cocina-ca"],"acf":[],"yoast_head":"<!-- This site is optimized with the Yoast SEO plugin v27.5 - https:\/\/yoast.com\/product\/yoast-seo-wordpress\/ -->\n<title>Amb Nomen, convidar a casa \u00e9s m\u00e9s f\u00e0cil: paella, fideuada o arr\u00f2s negre - Nomen<\/title>\n<meta name=\"robots\" content=\"index, follow, max-snippet:-1, max-image-preview:large, max-video-preview:-1\" \/>\n<link rel=\"canonical\" href=\"https:\/\/nomen.es\/ca\/amb-nomen-convidar-a-casa-es-mes-facil-paella-fideuada-o-arros-negre\/\" \/>\n<meta property=\"og:locale\" content=\"ca_ES\" \/>\n<meta property=\"og:type\" content=\"article\" \/>\n<meta property=\"og:title\" content=\"Amb Nomen, convidar a casa \u00e9s m\u00e9s f\u00e0cil: paella, fideuada o arr\u00f2s negre - Nomen\" \/>\n<meta property=\"og:description\" content=\"Decidir qu\u00e8 cuinar quan tens convidats a casa pot ser un mal de cap. El m\u00e9s complicat no \u00e9s comprar ni cuinar, sin\u00f3 pensar el plat que preparar\u00e0s perqu\u00e8 agradi a tothom. Una vegada has decidit la (o les) receptes, toca fer la llista dels ingredients i comprar-los. I, el dia del dinar, matinar una [&hellip;]\" \/>\n<meta property=\"og:url\" content=\"https:\/\/nomen.es\/ca\/amb-nomen-convidar-a-casa-es-mes-facil-paella-fideuada-o-arros-negre\/\" \/>\n<meta property=\"og:site_name\" content=\"Nomen\" \/>\n<meta property=\"article:published_time\" content=\"2022-10-06T06:33:09+00:00\" \/>\n<meta property=\"og:image\" content=\"https:\/\/nomen.es\/wp-content\/uploads\/2022\/10\/Comiendo.jpg\" \/>\n\t<meta property=\"og:image:width\" content=\"900\" \/>\n\t<meta property=\"og:image:height\" content=\"600\" \/>\n\t<meta property=\"og:image:type\" content=\"image\/jpeg\" \/>\n<meta name=\"author\" content=\"Nomen\" \/>\n<meta name=\"twitter:label1\" content=\"Escrit per\" \/>\n\t<meta name=\"twitter:data1\" content=\"Nomen\" \/>\n\t<meta name=\"twitter:label2\" content=\"Temps estimat de lectura\" \/>\n\t<meta name=\"twitter:data2\" content=\"3 minuts\" \/>\n<script type=\"application\/ld+json\" class=\"yoast-schema-graph\">{\"@context\":\"https:\\\/\\\/schema.org\",\"@graph\":[{\"@type\":\"Article\",\"@id\":\"https:\\\/\\\/nomen.es\\\/ca\\\/amb-nomen-convidar-a-casa-es-mes-facil-paella-fideuada-o-arros-negre\\\/#article\",\"isPartOf\":{\"@id\":\"https:\\\/\\\/nomen.es\\\/ca\\\/amb-nomen-convidar-a-casa-es-mes-facil-paella-fideuada-o-arros-negre\\\/\"},\"author\":{\"name\":\"Nomen\",\"@id\":\"https:\\\/\\\/nomen.es\\\/#\\\/schema\\\/person\\\/e05dca4ee822516d2b98d8c40d7c7936\"},\"headline\":\"Amb Nomen, convidar a casa \u00e9s m\u00e9s f\u00e0cil: paella, fideuada o arr\u00f2s negre\",\"datePublished\":\"2022-10-06T06:33:09+00:00\",\"mainEntityOfPage\":{\"@id\":\"https:\\\/\\\/nomen.es\\\/ca\\\/amb-nomen-convidar-a-casa-es-mes-facil-paella-fideuada-o-arros-negre\\\/\"},\"wordCount\":684,\"commentCount\":0,\"image\":{\"@id\":\"https:\\\/\\\/nomen.es\\\/ca\\\/amb-nomen-convidar-a-casa-es-mes-facil-paella-fideuada-o-arros-negre\\\/#primaryimage\"},\"thumbnailUrl\":\"https:\\\/\\\/nomen.es\\\/wp-content\\\/uploads\\\/2022\\\/10\\\/Comiendo.jpg\",\"articleSection\":[\"Cocina\"],\"inLanguage\":\"ca\",\"potentialAction\":[{\"@type\":\"CommentAction\",\"name\":\"Comment\",\"target\":[\"https:\\\/\\\/nomen.es\\\/ca\\\/amb-nomen-convidar-a-casa-es-mes-facil-paella-fideuada-o-arros-negre\\\/#respond\"]}]},{\"@type\":\"WebPage\",\"@id\":\"https:\\\/\\\/nomen.es\\\/ca\\\/amb-nomen-convidar-a-casa-es-mes-facil-paella-fideuada-o-arros-negre\\\/\",\"url\":\"https:\\\/\\\/nomen.es\\\/ca\\\/amb-nomen-convidar-a-casa-es-mes-facil-paella-fideuada-o-arros-negre\\\/\",\"name\":\"Amb Nomen, convidar a casa \u00e9s m\u00e9s f\u00e0cil: paella, fideuada o arr\u00f2s negre - Nomen\",\"isPartOf\":{\"@id\":\"https:\\\/\\\/nomen.es\\\/#website\"},\"primaryImageOfPage\":{\"@id\":\"https:\\\/\\\/nomen.es\\\/ca\\\/amb-nomen-convidar-a-casa-es-mes-facil-paella-fideuada-o-arros-negre\\\/#primaryimage\"},\"image\":{\"@id\":\"https:\\\/\\\/nomen.es\\\/ca\\\/amb-nomen-convidar-a-casa-es-mes-facil-paella-fideuada-o-arros-negre\\\/#primaryimage\"},\"thumbnailUrl\":\"https:\\\/\\\/nomen.es\\\/wp-content\\\/uploads\\\/2022\\\/10\\\/Comiendo.jpg\",\"datePublished\":\"2022-10-06T06:33:09+00:00\",\"author\":{\"@id\":\"https:\\\/\\\/nomen.es\\\/#\\\/schema\\\/person\\\/e05dca4ee822516d2b98d8c40d7c7936\"},\"breadcrumb\":{\"@id\":\"https:\\\/\\\/nomen.es\\\/ca\\\/amb-nomen-convidar-a-casa-es-mes-facil-paella-fideuada-o-arros-negre\\\/#breadcrumb\"},\"inLanguage\":\"ca\",\"potentialAction\":[{\"@type\":\"ReadAction\",\"target\":[\"https:\\\/\\\/nomen.es\\\/ca\\\/amb-nomen-convidar-a-casa-es-mes-facil-paella-fideuada-o-arros-negre\\\/\"]}]},{\"@type\":\"ImageObject\",\"inLanguage\":\"ca\",\"@id\":\"https:\\\/\\\/nomen.es\\\/ca\\\/amb-nomen-convidar-a-casa-es-mes-facil-paella-fideuada-o-arros-negre\\\/#primaryimage\",\"url\":\"https:\\\/\\\/nomen.es\\\/wp-content\\\/uploads\\\/2022\\\/10\\\/Comiendo.jpg\",\"contentUrl\":\"https:\\\/\\\/nomen.es\\\/wp-content\\\/uploads\\\/2022\\\/10\\\/Comiendo.jpg\",\"width\":900,\"height\":600},{\"@type\":\"BreadcrumbList\",\"@id\":\"https:\\\/\\\/nomen.es\\\/ca\\\/amb-nomen-convidar-a-casa-es-mes-facil-paella-fideuada-o-arros-negre\\\/#breadcrumb\",\"itemListElement\":[{\"@type\":\"ListItem\",\"position\":1,\"name\":\"Portada\",\"item\":\"https:\\\/\\\/nomen.es\\\/ca\\\/\"},{\"@type\":\"ListItem\",\"position\":2,\"name\":\"Amb Nomen, convidar a casa \u00e9s m\u00e9s f\u00e0cil: paella, fideuada o arr\u00f2s negre\"}]},{\"@type\":\"WebSite\",\"@id\":\"https:\\\/\\\/nomen.es\\\/#website\",\"url\":\"https:\\\/\\\/nomen.es\\\/\",\"name\":\"Nomen\",\"description\":\"Mucho m\u00e1s que arroz\",\"potentialAction\":[{\"@type\":\"SearchAction\",\"target\":{\"@type\":\"EntryPoint\",\"urlTemplate\":\"https:\\\/\\\/nomen.es\\\/?s={search_term_string}\"},\"query-input\":{\"@type\":\"PropertyValueSpecification\",\"valueRequired\":true,\"valueName\":\"search_term_string\"}}],\"inLanguage\":\"ca\"},{\"@type\":\"Person\",\"@id\":\"https:\\\/\\\/nomen.es\\\/#\\\/schema\\\/person\\\/e05dca4ee822516d2b98d8c40d7c7936\",\"name\":\"Nomen\",\"image\":{\"@type\":\"ImageObject\",\"inLanguage\":\"ca\",\"@id\":\"https:\\\/\\\/secure.gravatar.com\\\/avatar\\\/9706332b7e0d915e91c32e7737d8b5aea989a8aa0f5a11d27cdf2acb64563170?s=96&d=mm&r=g\",\"url\":\"https:\\\/\\\/secure.gravatar.com\\\/avatar\\\/9706332b7e0d915e91c32e7737d8b5aea989a8aa0f5a11d27cdf2acb64563170?s=96&d=mm&r=g\",\"contentUrl\":\"https:\\\/\\\/secure.gravatar.com\\\/avatar\\\/9706332b7e0d915e91c32e7737d8b5aea989a8aa0f5a11d27cdf2acb64563170?s=96&d=mm&r=g\",\"caption\":\"Nomen\"}}]}<\/script>\n<!-- \/ Yoast SEO plugin. -->","yoast_head_json":{"title":"Amb Nomen, convidar a casa \u00e9s m\u00e9s f\u00e0cil: paella, fideuada o arr\u00f2s negre - Nomen","robots":{"index":"index","follow":"follow","max-snippet":"max-snippet:-1","max-image-preview":"max-image-preview:large","max-video-preview":"max-video-preview:-1"},"canonical":"https:\/\/nomen.es\/ca\/amb-nomen-convidar-a-casa-es-mes-facil-paella-fideuada-o-arros-negre\/","og_locale":"ca_ES","og_type":"article","og_title":"Amb Nomen, convidar a casa \u00e9s m\u00e9s f\u00e0cil: paella, fideuada o arr\u00f2s negre - Nomen","og_description":"Decidir qu\u00e8 cuinar quan tens convidats a casa pot ser un mal de cap. El m\u00e9s complicat no \u00e9s comprar ni cuinar, sin\u00f3 pensar el plat que preparar\u00e0s perqu\u00e8 agradi a tothom. Una vegada has decidit la (o les) receptes, toca fer la llista dels ingredients i comprar-los. I, el dia del dinar, matinar una [&hellip;]","og_url":"https:\/\/nomen.es\/ca\/amb-nomen-convidar-a-casa-es-mes-facil-paella-fideuada-o-arros-negre\/","og_site_name":"Nomen","article_published_time":"2022-10-06T06:33:09+00:00","og_image":[{"width":900,"height":600,"url":"https:\/\/nomen.es\/wp-content\/uploads\/2022\/10\/Comiendo.jpg","type":"image\/jpeg"}],"author":"Nomen","twitter_misc":{"Escrit per":"Nomen","Temps estimat de lectura":"3 minuts"},"schema":{"@context":"https:\/\/schema.org","@graph":[{"@type":"Article","@id":"https:\/\/nomen.es\/ca\/amb-nomen-convidar-a-casa-es-mes-facil-paella-fideuada-o-arros-negre\/#article","isPartOf":{"@id":"https:\/\/nomen.es\/ca\/amb-nomen-convidar-a-casa-es-mes-facil-paella-fideuada-o-arros-negre\/"},"author":{"name":"Nomen","@id":"https:\/\/nomen.es\/#\/schema\/person\/e05dca4ee822516d2b98d8c40d7c7936"},"headline":"Amb Nomen, convidar a casa \u00e9s m\u00e9s f\u00e0cil: paella, fideuada o arr\u00f2s negre","datePublished":"2022-10-06T06:33:09+00:00","mainEntityOfPage":{"@id":"https:\/\/nomen.es\/ca\/amb-nomen-convidar-a-casa-es-mes-facil-paella-fideuada-o-arros-negre\/"},"wordCount":684,"commentCount":0,"image":{"@id":"https:\/\/nomen.es\/ca\/amb-nomen-convidar-a-casa-es-mes-facil-paella-fideuada-o-arros-negre\/#primaryimage"},"thumbnailUrl":"https:\/\/nomen.es\/wp-content\/uploads\/2022\/10\/Comiendo.jpg","articleSection":["Cocina"],"inLanguage":"ca","potentialAction":[{"@type":"CommentAction","name":"Comment","target":["https:\/\/nomen.es\/ca\/amb-nomen-convidar-a-casa-es-mes-facil-paella-fideuada-o-arros-negre\/#respond"]}]},{"@type":"WebPage","@id":"https:\/\/nomen.es\/ca\/amb-nomen-convidar-a-casa-es-mes-facil-paella-fideuada-o-arros-negre\/","url":"https:\/\/nomen.es\/ca\/amb-nomen-convidar-a-casa-es-mes-facil-paella-fideuada-o-arros-negre\/","name":"Amb Nomen, convidar a casa \u00e9s m\u00e9s f\u00e0cil: paella, fideuada o arr\u00f2s negre - Nomen","isPartOf":{"@id":"https:\/\/nomen.es\/#website"},"primaryImageOfPage":{"@id":"https:\/\/nomen.es\/ca\/amb-nomen-convidar-a-casa-es-mes-facil-paella-fideuada-o-arros-negre\/#primaryimage"},"image":{"@id":"https:\/\/nomen.es\/ca\/amb-nomen-convidar-a-casa-es-mes-facil-paella-fideuada-o-arros-negre\/#primaryimage"},"thumbnailUrl":"https:\/\/nomen.es\/wp-content\/uploads\/2022\/10\/Comiendo.jpg","datePublished":"2022-10-06T06:33:09+00:00","author":{"@id":"https:\/\/nomen.es\/#\/schema\/person\/e05dca4ee822516d2b98d8c40d7c7936"},"breadcrumb":{"@id":"https:\/\/nomen.es\/ca\/amb-nomen-convidar-a-casa-es-mes-facil-paella-fideuada-o-arros-negre\/#breadcrumb"},"inLanguage":"ca","potentialAction":[{"@type":"ReadAction","target":["https:\/\/nomen.es\/ca\/amb-nomen-convidar-a-casa-es-mes-facil-paella-fideuada-o-arros-negre\/"]}]},{"@type":"ImageObject","inLanguage":"ca","@id":"https:\/\/nomen.es\/ca\/amb-nomen-convidar-a-casa-es-mes-facil-paella-fideuada-o-arros-negre\/#primaryimage","url":"https:\/\/nomen.es\/wp-content\/uploads\/2022\/10\/Comiendo.jpg","contentUrl":"https:\/\/nomen.es\/wp-content\/uploads\/2022\/10\/Comiendo.jpg","width":900,"height":600},{"@type":"BreadcrumbList","@id":"https:\/\/nomen.es\/ca\/amb-nomen-convidar-a-casa-es-mes-facil-paella-fideuada-o-arros-negre\/#breadcrumb","itemListElement":[{"@type":"ListItem","position":1,"name":"Portada","item":"https:\/\/nomen.es\/ca\/"},{"@type":"ListItem","position":2,"name":"Amb Nomen, convidar a casa \u00e9s m\u00e9s f\u00e0cil: paella, fideuada o arr\u00f2s negre"}]},{"@type":"WebSite","@id":"https:\/\/nomen.es\/#website","url":"https:\/\/nomen.es\/","name":"Nomen","description":"Mucho m\u00e1s que arroz","potentialAction":[{"@type":"SearchAction","target":{"@type":"EntryPoint","urlTemplate":"https:\/\/nomen.es\/?s={search_term_string}"},"query-input":{"@type":"PropertyValueSpecification","valueRequired":true,"valueName":"search_term_string"}}],"inLanguage":"ca"},{"@type":"Person","@id":"https:\/\/nomen.es\/#\/schema\/person\/e05dca4ee822516d2b98d8c40d7c7936","name":"Nomen","image":{"@type":"ImageObject","inLanguage":"ca","@id":"https:\/\/secure.gravatar.com\/avatar\/9706332b7e0d915e91c32e7737d8b5aea989a8aa0f5a11d27cdf2acb64563170?s=96&d=mm&r=g","url":"https:\/\/secure.gravatar.com\/avatar\/9706332b7e0d915e91c32e7737d8b5aea989a8aa0f5a11d27cdf2acb64563170?s=96&d=mm&r=g","contentUrl":"https:\/\/secure.gravatar.com\/avatar\/9706332b7e0d915e91c32e7737d8b5aea989a8aa0f5a11d27cdf2acb64563170?s=96&d=mm&r=g","caption":"Nomen"}}]}},"_links":{"self":[{"href":"https:\/\/nomen.es\/ca\/wp-json\/wp\/v2\/posts\/21532","targetHints":{"allow":["GET"]}}],"collection":[{"href":"https:\/\/nomen.es\/ca\/wp-json\/wp\/v2\/posts"}],"about":[{"href":"https:\/\/nomen.es\/ca\/wp-json\/wp\/v2\/types\/post"}],"author":[{"embeddable":true,"href":"https:\/\/nomen.es\/ca\/wp-json\/wp\/v2\/users\/2"}],"replies":[{"embeddable":true,"href":"https:\/\/nomen.es\/ca\/wp-json\/wp\/v2\/comments?post=21532"}],"version-history":[{"count":0,"href":"https:\/\/nomen.es\/ca\/wp-json\/wp\/v2\/posts\/21532\/revisions"}],"wp:featuredmedia":[{"embeddable":true,"href":"https:\/\/nomen.es\/ca\/wp-json\/wp\/v2\/media\/21587"}],"wp:attachment":[{"href":"https:\/\/nomen.es\/ca\/wp-json\/wp\/v2\/media?parent=21532"}],"wp:term":[{"taxonomy":"category","embeddable":true,"href":"https:\/\/nomen.es\/ca\/wp-json\/wp\/v2\/categories?post=21532"},{"taxonomy":"post_tag","embeddable":true,"href":"https:\/\/nomen.es\/ca\/wp-json\/wp\/v2\/tags?post=21532"}],"curies":[{"name":"wp","href":"https:\/\/api.w.org\/{rel}","templated":true}]}}