{"id":2251,"date":"2016-10-10T11:27:46","date_gmt":"2016-10-10T10:27:46","guid":{"rendered":"https:\/\/nomen.es\/ca\/?p=2251"},"modified":"2016-10-10T11:27:46","modified_gmt":"2016-10-10T10:27:46","slug":"dia-mundial-alimentacio","status":"publish","type":"post","link":"https:\/\/nomen.es\/ca\/dia-mundial-alimentacio\/","title":{"rendered":"16 d&#8217;octubre: Dia Mundial de l&#8217;Alimentaci\u00f3; cap a una alimentaci\u00f3 sostenible"},"content":{"rendered":"<p>L&#8217;alimentaci\u00f3 \u00e9s indispensable per a la vida i el benestar de les persones, \u00e9s un dret i una necessitat que tenim tots. El <b>16 d&#8217;octubre<\/b> es va instaurar com el <b>Dia Mundial de l&#8217;Alimentaci\u00f3<\/b> amb l&#8217;objectiu de realitzar i desenvolupar estrat\u00e8gies i activitats de car\u00e0cter internacional amb la finalitat d&#8217;eradicar la fam al m\u00f3n. El lema d&#8217;aquest any \u00e9s \u201cEl clima est\u00e0 canviant. L&#8217;alimentaci\u00f3 i l&#8217;agricultura tamb\u00e9\u201d, fent una crida a la poblaci\u00f3 mundial per caminar cap a una <a href=\"https:\/\/www.fao.org\/world-food-day\/2016\/theme\/es\/\" title=\"Organitzaci\u00f3 de les Nacions Unides\" target=\"_blank\">alimentaci\u00f3 sostenible<\/a>. Per\u00f2&#8230; <b>Qu\u00e8 \u00e9s una alimentaci\u00f3 sostenible?<\/b><\/p>\n<p>Una alimentaci\u00f3 sostenible es podria definir com una alimentaci\u00f3 de qualitat, que respecti l&#8217;ecosistema i justa socialment. Quan parlem d&#8217;un producte de qualitat, fem refer\u00e8ncia a un producte innocuo, amb les millors caracter\u00edstiques organol\u00e9pticas i el m\u00e9s natural possible, aix\u00f2 \u00e9s, sense processos industrials innecessaris com l&#8217;\u00fas de potenciadores de sabor. Que respecti el medi ambient, \u00e9s a dir, que la seva producci\u00f3 no emeti gasos o no requereixi l&#8217;\u00fas de pesticides que puguin danyar la capa d&#8217;oz\u00f3, productes locals i que respectin la temporada i l&#8217;\u00fas del seu consum. Finalment, quan diem que sigui just socialment, fem refer\u00e8ncia a la necessitat de que arribi a totes les persones i que els seus productors ho facin sota circumst\u00e0ncies favorables.<\/p>\n<p><b>Qu\u00e8 pots fer tu per avan\u00e7ar cap a una alimentaci\u00f3 sostenible?<\/b><\/p>\n<ul>\n<li>\n<h4>Reduir el consum excessiu<\/h4>\n<\/li>\n<\/ul>\n<p>Planifica&#8217;t! Fes una llista abans d&#8217;anar a fer la compra. D&#8217;aquesta manera evitar\u00e0s comprar massa menjar i evitar\u00e0s, tamb\u00e9, malgastar aliments a casa. <\/p>\n<ul>\n<li>\n<h4>Reduir la p\u00e8rdua i desaprofitaments de menjar<\/h4>\n<\/li>\n<\/ul>\n<p>No permetis que els aliments es deteriorin a la nevera i cuina la quantitat justa que vas a menjar. Si no t&#8217;acabes la raci\u00f3 que has preparat, guarda-la o congela-la i consumeix-la un altre dia, o aprofita per usar-la en altres preparacions. Per exemple, si et sobra pollastre a la planxa, aprofita i afegeix-ho a una amanida. Finalment, si un aliment \u00e9s a punt de posar-se dolent, congela-ho o cuina-ho, aguantar\u00e0 m\u00e9s temps.<\/p>\n<ul>\n<li>\n<h4>Potencia el consum d&#8217;aliments vegetals<\/h4>\n<\/li>\n<\/ul>\n<p>\nLa ind\u00fastria aliment\u00e0ria dedicada a la producci\u00f3 d&#8217;aliments d&#8217;origen animal suposa un gran impacte mediambiental, ja que emet una gran quantitat de gasos que poden intensificar l&#8217;efecte hivernacle. Aix\u00f2 no significa que hagis de suprimir aquests aliments de la teva dieta, solament, no els consumeixis en exc\u00e9s i intensifica el consum de productes de la terra.<\/p>\n<ul>\n<li>\n<h4>Aliments amb menor petjada ambiental<\/h4>\n<\/li>\n<\/ul>\n<p>Consumeix aliments de la zona en la qual vius. La globalitzaci\u00f3 ens ha portat a con\u00e8ixer una gran varietat de productes i ens ha perm\u00e8s consumir aliments espec\u00edfics de temporada, per exemple, de tardor, durant tot l&#8217;any. Paradoxalment, aix\u00f2 empitjora l&#8217;efecte hivernacle, donat que en el transport i la distribuci\u00f3 des d&#8217;altres llocs del m\u00f3n s&#8217;emeten gasos que afecten a la capa d&#8217;oz\u00f3.<\/p>\n<p>En consumir aliments locals, no solament respectes els cicles vitals de cada aliment, obtenint productes de major valor nutricional i millors qualitats organol\u00e9pticas, sin\u00f3 que a m\u00e9s a m\u00e9s ajudes a reduir l&#8217;emissi\u00f3 de gasos i a l&#8217;economia local.<\/p>\n<ul>\n<li><H4><br \/>\n&#8211; Procura comprar al barri en el qual vius, ves al mercat a peu!<\/p>\n<\/h4>\n<\/li>\n<\/ul>\n<p>\nComprar al mercat del barri permet que et desplacis caminant i evitis emetre gasos produ\u00efts pel combustible del cotxe, reduint aix\u00ed l&#8217;impacte ambiental. <\/p>\n<p>\nSegueix una alimentaci\u00f3 variada i equilibrada, incloent tots els grups d&#8217;aliment reflectits en la pir\u00e0mide dels aliments i respectant el medi ambient. Afegeix el teu gra de sorra i fem del nostre m\u00f3n, un lloc m\u00e9s sostenible!<\/p>\n<p>\u00a0<\/p>\n","protected":false},"excerpt":{"rendered":"<p>L&#8217;alimentaci\u00f3 \u00e9s indispensable per a la vida i el benestar de les persones, \u00e9s un dret i una necessitat que tenim tots. El 16 d&#8217;octubre es va instaurar com el Dia Mundial de l&#8217;Alimentaci\u00f3 amb l&#8217;objectiu de realitzar i desenvolupar estrat\u00e8gies i activitats de car\u00e0cter internacional amb la finalitat d&#8217;eradicar la fam al m\u00f3n. El [&hellip;]<\/p>\n","protected":false},"author":2,"featured_media":2264,"comment_status":"open","ping_status":"open","sticky":false,"template":"","format":"standard","meta":{"_acf_changed":false,"_et_pb_use_builder":"","_et_pb_old_content":"","_et_gb_content_width":"","inline_featured_image":false,"footnotes":""},"categories":[1],"tags":[60,99,125,308,309],"class_list":["post-2251","post","type-post","status-publish","format-standard","has-post-thumbnail","hentry","category-esdeveniments","tag-alimentacio","tag-aliments","tag-125","tag-dia-mundial-de-la-alimentacion","tag-dia-mundial-de-lalimentacio"],"acf":[],"yoast_head":"<!-- This site is optimized with the Yoast SEO plugin v27.5 - https:\/\/yoast.com\/product\/yoast-seo-wordpress\/ -->\n<title>Dia Mundial de l&#039;Alimentaci\u00f3 2016; cap a una alimentaci\u00f3 sostenible!<\/title>\n<meta name=\"description\" content=\"El 16 d&#039;octubre es va instaurar com el Dia Mundial de l&#039;Alimentaci\u00f3 amb l&#039;objectiu de realitzarr estrat\u00e8giesamb la finalitat d&#039;eradicar la fam al m\u00f3n.\" \/>\n<meta name=\"robots\" content=\"index, follow, max-snippet:-1, max-image-preview:large, max-video-preview:-1\" \/>\n<link rel=\"canonical\" href=\"https:\/\/nomen.es\/ca\/dia-mundial-alimentacio\/\" \/>\n<meta property=\"og:locale\" content=\"ca_ES\" \/>\n<meta property=\"og:type\" content=\"article\" \/>\n<meta property=\"og:title\" content=\"Dia Mundial de l&#039;Alimentaci\u00f3 2016; cap a una alimentaci\u00f3 sostenible!\" \/>\n<meta property=\"og:description\" content=\"El 16 d&#039;octubre es va instaurar com el Dia Mundial de l&#039;Alimentaci\u00f3 amb l&#039;objectiu de realitzarr estrat\u00e8giesamb la finalitat d&#039;eradicar la fam al m\u00f3n.\" \/>\n<meta property=\"og:url\" content=\"https:\/\/nomen.es\/ca\/dia-mundial-alimentacio\/\" \/>\n<meta property=\"og:site_name\" content=\"Nomen\" \/>\n<meta property=\"article:published_time\" content=\"2016-10-10T10:27:46+00:00\" \/>\n<meta property=\"og:image\" content=\"https:\/\/nomen.es\/wp-content\/uploads\/2016\/10\/N_2016.10_ARTICULO_diamundialalimentacion_web-1.jpg\" \/>\n\t<meta property=\"og:image:width\" content=\"900\" \/>\n\t<meta property=\"og:image:height\" content=\"600\" \/>\n\t<meta property=\"og:image:type\" content=\"image\/jpeg\" \/>\n<meta name=\"author\" content=\"Nomen\" \/>\n<meta name=\"twitter:label1\" content=\"Escrit per\" \/>\n\t<meta name=\"twitter:data1\" content=\"Nomen\" \/>\n\t<meta name=\"twitter:label2\" content=\"Temps estimat de lectura\" \/>\n\t<meta name=\"twitter:data2\" content=\"3 minuts\" \/>\n<script type=\"application\/ld+json\" class=\"yoast-schema-graph\">{\"@context\":\"https:\\\/\\\/schema.org\",\"@graph\":[{\"@type\":\"Article\",\"@id\":\"https:\\\/\\\/nomen.es\\\/ca\\\/dia-mundial-alimentacio\\\/#article\",\"isPartOf\":{\"@id\":\"https:\\\/\\\/nomen.es\\\/ca\\\/dia-mundial-alimentacio\\\/\"},\"author\":{\"name\":\"Nomen\",\"@id\":\"https:\\\/\\\/nomen.es\\\/#\\\/schema\\\/person\\\/e05dca4ee822516d2b98d8c40d7c7936\"},\"headline\":\"16 d&#8217;octubre: Dia Mundial de l&#8217;Alimentaci\u00f3; cap a una alimentaci\u00f3 sostenible\",\"datePublished\":\"2016-10-10T10:27:46+00:00\",\"mainEntityOfPage\":{\"@id\":\"https:\\\/\\\/nomen.es\\\/ca\\\/dia-mundial-alimentacio\\\/\"},\"wordCount\":636,\"commentCount\":0,\"image\":{\"@id\":\"https:\\\/\\\/nomen.es\\\/ca\\\/dia-mundial-alimentacio\\\/#primaryimage\"},\"thumbnailUrl\":\"https:\\\/\\\/nomen.es\\\/wp-content\\\/uploads\\\/2016\\\/10\\\/N_2016.10_ARTICULO_diamundialalimentacion_web-1.jpg\",\"keywords\":[\"alimentaci\u00f3\",\"aliments\",\"2016\",\"d\u00eda mundial de la alimentaci\u00f3n\",\"dia mundial de l'alimentacio\"],\"articleSection\":[\"Esdeveniments\"],\"inLanguage\":\"ca\",\"potentialAction\":[{\"@type\":\"CommentAction\",\"name\":\"Comment\",\"target\":[\"https:\\\/\\\/nomen.es\\\/ca\\\/dia-mundial-alimentacio\\\/#respond\"]}]},{\"@type\":\"WebPage\",\"@id\":\"https:\\\/\\\/nomen.es\\\/ca\\\/dia-mundial-alimentacio\\\/\",\"url\":\"https:\\\/\\\/nomen.es\\\/ca\\\/dia-mundial-alimentacio\\\/\",\"name\":\"Dia Mundial de l'Alimentaci\u00f3 2016; cap a una alimentaci\u00f3 sostenible!\",\"isPartOf\":{\"@id\":\"https:\\\/\\\/nomen.es\\\/#website\"},\"primaryImageOfPage\":{\"@id\":\"https:\\\/\\\/nomen.es\\\/ca\\\/dia-mundial-alimentacio\\\/#primaryimage\"},\"image\":{\"@id\":\"https:\\\/\\\/nomen.es\\\/ca\\\/dia-mundial-alimentacio\\\/#primaryimage\"},\"thumbnailUrl\":\"https:\\\/\\\/nomen.es\\\/wp-content\\\/uploads\\\/2016\\\/10\\\/N_2016.10_ARTICULO_diamundialalimentacion_web-1.jpg\",\"datePublished\":\"2016-10-10T10:27:46+00:00\",\"author\":{\"@id\":\"https:\\\/\\\/nomen.es\\\/#\\\/schema\\\/person\\\/e05dca4ee822516d2b98d8c40d7c7936\"},\"description\":\"El 16 d'octubre es va instaurar com el Dia Mundial de l'Alimentaci\u00f3 amb l'objectiu de realitzarr estrat\u00e8giesamb la finalitat d'eradicar la fam al m\u00f3n.\",\"breadcrumb\":{\"@id\":\"https:\\\/\\\/nomen.es\\\/ca\\\/dia-mundial-alimentacio\\\/#breadcrumb\"},\"inLanguage\":\"ca\",\"potentialAction\":[{\"@type\":\"ReadAction\",\"target\":[\"https:\\\/\\\/nomen.es\\\/ca\\\/dia-mundial-alimentacio\\\/\"]}]},{\"@type\":\"ImageObject\",\"inLanguage\":\"ca\",\"@id\":\"https:\\\/\\\/nomen.es\\\/ca\\\/dia-mundial-alimentacio\\\/#primaryimage\",\"url\":\"https:\\\/\\\/nomen.es\\\/wp-content\\\/uploads\\\/2016\\\/10\\\/N_2016.10_ARTICULO_diamundialalimentacion_web-1.jpg\",\"contentUrl\":\"https:\\\/\\\/nomen.es\\\/wp-content\\\/uploads\\\/2016\\\/10\\\/N_2016.10_ARTICULO_diamundialalimentacion_web-1.jpg\",\"width\":900,\"height\":600,\"caption\":\"Dia Mundial de l'Alimentaci\u00f3\"},{\"@type\":\"BreadcrumbList\",\"@id\":\"https:\\\/\\\/nomen.es\\\/ca\\\/dia-mundial-alimentacio\\\/#breadcrumb\",\"itemListElement\":[{\"@type\":\"ListItem\",\"position\":1,\"name\":\"Portada\",\"item\":\"https:\\\/\\\/nomen.es\\\/ca\\\/\"},{\"@type\":\"ListItem\",\"position\":2,\"name\":\"16 d&#8217;octubre: Dia Mundial de l&#8217;Alimentaci\u00f3; cap a una alimentaci\u00f3 sostenible\"}]},{\"@type\":\"WebSite\",\"@id\":\"https:\\\/\\\/nomen.es\\\/#website\",\"url\":\"https:\\\/\\\/nomen.es\\\/\",\"name\":\"Nomen\",\"description\":\"Mucho m\u00e1s que arroz\",\"potentialAction\":[{\"@type\":\"SearchAction\",\"target\":{\"@type\":\"EntryPoint\",\"urlTemplate\":\"https:\\\/\\\/nomen.es\\\/?s={search_term_string}\"},\"query-input\":{\"@type\":\"PropertyValueSpecification\",\"valueRequired\":true,\"valueName\":\"search_term_string\"}}],\"inLanguage\":\"ca\"},{\"@type\":\"Person\",\"@id\":\"https:\\\/\\\/nomen.es\\\/#\\\/schema\\\/person\\\/e05dca4ee822516d2b98d8c40d7c7936\",\"name\":\"Nomen\",\"image\":{\"@type\":\"ImageObject\",\"inLanguage\":\"ca\",\"@id\":\"https:\\\/\\\/secure.gravatar.com\\\/avatar\\\/9706332b7e0d915e91c32e7737d8b5aea989a8aa0f5a11d27cdf2acb64563170?s=96&d=mm&r=g\",\"url\":\"https:\\\/\\\/secure.gravatar.com\\\/avatar\\\/9706332b7e0d915e91c32e7737d8b5aea989a8aa0f5a11d27cdf2acb64563170?s=96&d=mm&r=g\",\"contentUrl\":\"https:\\\/\\\/secure.gravatar.com\\\/avatar\\\/9706332b7e0d915e91c32e7737d8b5aea989a8aa0f5a11d27cdf2acb64563170?s=96&d=mm&r=g\",\"caption\":\"Nomen\"}}]}<\/script>\n<!-- \/ Yoast SEO plugin. -->","yoast_head_json":{"title":"Dia Mundial de l'Alimentaci\u00f3 2016; cap a una alimentaci\u00f3 sostenible!","description":"El 16 d'octubre es va instaurar com el Dia Mundial de l'Alimentaci\u00f3 amb l'objectiu de realitzarr estrat\u00e8giesamb la finalitat d'eradicar la fam al m\u00f3n.","robots":{"index":"index","follow":"follow","max-snippet":"max-snippet:-1","max-image-preview":"max-image-preview:large","max-video-preview":"max-video-preview:-1"},"canonical":"https:\/\/nomen.es\/ca\/dia-mundial-alimentacio\/","og_locale":"ca_ES","og_type":"article","og_title":"Dia Mundial de l'Alimentaci\u00f3 2016; cap a una alimentaci\u00f3 sostenible!","og_description":"El 16 d'octubre es va instaurar com el Dia Mundial de l'Alimentaci\u00f3 amb l'objectiu de realitzarr estrat\u00e8giesamb la finalitat d'eradicar la fam al m\u00f3n.","og_url":"https:\/\/nomen.es\/ca\/dia-mundial-alimentacio\/","og_site_name":"Nomen","article_published_time":"2016-10-10T10:27:46+00:00","og_image":[{"width":900,"height":600,"url":"https:\/\/nomen.es\/wp-content\/uploads\/2016\/10\/N_2016.10_ARTICULO_diamundialalimentacion_web-1.jpg","type":"image\/jpeg"}],"author":"Nomen","twitter_misc":{"Escrit per":"Nomen","Temps estimat de lectura":"3 minuts"},"schema":{"@context":"https:\/\/schema.org","@graph":[{"@type":"Article","@id":"https:\/\/nomen.es\/ca\/dia-mundial-alimentacio\/#article","isPartOf":{"@id":"https:\/\/nomen.es\/ca\/dia-mundial-alimentacio\/"},"author":{"name":"Nomen","@id":"https:\/\/nomen.es\/#\/schema\/person\/e05dca4ee822516d2b98d8c40d7c7936"},"headline":"16 d&#8217;octubre: Dia Mundial de l&#8217;Alimentaci\u00f3; cap a una alimentaci\u00f3 sostenible","datePublished":"2016-10-10T10:27:46+00:00","mainEntityOfPage":{"@id":"https:\/\/nomen.es\/ca\/dia-mundial-alimentacio\/"},"wordCount":636,"commentCount":0,"image":{"@id":"https:\/\/nomen.es\/ca\/dia-mundial-alimentacio\/#primaryimage"},"thumbnailUrl":"https:\/\/nomen.es\/wp-content\/uploads\/2016\/10\/N_2016.10_ARTICULO_diamundialalimentacion_web-1.jpg","keywords":["alimentaci\u00f3","aliments","2016","d\u00eda mundial de la alimentaci\u00f3n","dia mundial de l'alimentacio"],"articleSection":["Esdeveniments"],"inLanguage":"ca","potentialAction":[{"@type":"CommentAction","name":"Comment","target":["https:\/\/nomen.es\/ca\/dia-mundial-alimentacio\/#respond"]}]},{"@type":"WebPage","@id":"https:\/\/nomen.es\/ca\/dia-mundial-alimentacio\/","url":"https:\/\/nomen.es\/ca\/dia-mundial-alimentacio\/","name":"Dia Mundial de l'Alimentaci\u00f3 2016; cap a una alimentaci\u00f3 sostenible!","isPartOf":{"@id":"https:\/\/nomen.es\/#website"},"primaryImageOfPage":{"@id":"https:\/\/nomen.es\/ca\/dia-mundial-alimentacio\/#primaryimage"},"image":{"@id":"https:\/\/nomen.es\/ca\/dia-mundial-alimentacio\/#primaryimage"},"thumbnailUrl":"https:\/\/nomen.es\/wp-content\/uploads\/2016\/10\/N_2016.10_ARTICULO_diamundialalimentacion_web-1.jpg","datePublished":"2016-10-10T10:27:46+00:00","author":{"@id":"https:\/\/nomen.es\/#\/schema\/person\/e05dca4ee822516d2b98d8c40d7c7936"},"description":"El 16 d'octubre es va instaurar com el Dia Mundial de l'Alimentaci\u00f3 amb l'objectiu de realitzarr estrat\u00e8giesamb la finalitat d'eradicar la fam al m\u00f3n.","breadcrumb":{"@id":"https:\/\/nomen.es\/ca\/dia-mundial-alimentacio\/#breadcrumb"},"inLanguage":"ca","potentialAction":[{"@type":"ReadAction","target":["https:\/\/nomen.es\/ca\/dia-mundial-alimentacio\/"]}]},{"@type":"ImageObject","inLanguage":"ca","@id":"https:\/\/nomen.es\/ca\/dia-mundial-alimentacio\/#primaryimage","url":"https:\/\/nomen.es\/wp-content\/uploads\/2016\/10\/N_2016.10_ARTICULO_diamundialalimentacion_web-1.jpg","contentUrl":"https:\/\/nomen.es\/wp-content\/uploads\/2016\/10\/N_2016.10_ARTICULO_diamundialalimentacion_web-1.jpg","width":900,"height":600,"caption":"Dia Mundial de l'Alimentaci\u00f3"},{"@type":"BreadcrumbList","@id":"https:\/\/nomen.es\/ca\/dia-mundial-alimentacio\/#breadcrumb","itemListElement":[{"@type":"ListItem","position":1,"name":"Portada","item":"https:\/\/nomen.es\/ca\/"},{"@type":"ListItem","position":2,"name":"16 d&#8217;octubre: Dia Mundial de l&#8217;Alimentaci\u00f3; cap a una alimentaci\u00f3 sostenible"}]},{"@type":"WebSite","@id":"https:\/\/nomen.es\/#website","url":"https:\/\/nomen.es\/","name":"Nomen","description":"Mucho m\u00e1s que arroz","potentialAction":[{"@type":"SearchAction","target":{"@type":"EntryPoint","urlTemplate":"https:\/\/nomen.es\/?s={search_term_string}"},"query-input":{"@type":"PropertyValueSpecification","valueRequired":true,"valueName":"search_term_string"}}],"inLanguage":"ca"},{"@type":"Person","@id":"https:\/\/nomen.es\/#\/schema\/person\/e05dca4ee822516d2b98d8c40d7c7936","name":"Nomen","image":{"@type":"ImageObject","inLanguage":"ca","@id":"https:\/\/secure.gravatar.com\/avatar\/9706332b7e0d915e91c32e7737d8b5aea989a8aa0f5a11d27cdf2acb64563170?s=96&d=mm&r=g","url":"https:\/\/secure.gravatar.com\/avatar\/9706332b7e0d915e91c32e7737d8b5aea989a8aa0f5a11d27cdf2acb64563170?s=96&d=mm&r=g","contentUrl":"https:\/\/secure.gravatar.com\/avatar\/9706332b7e0d915e91c32e7737d8b5aea989a8aa0f5a11d27cdf2acb64563170?s=96&d=mm&r=g","caption":"Nomen"}}]}},"_links":{"self":[{"href":"https:\/\/nomen.es\/ca\/wp-json\/wp\/v2\/posts\/2251","targetHints":{"allow":["GET"]}}],"collection":[{"href":"https:\/\/nomen.es\/ca\/wp-json\/wp\/v2\/posts"}],"about":[{"href":"https:\/\/nomen.es\/ca\/wp-json\/wp\/v2\/types\/post"}],"author":[{"embeddable":true,"href":"https:\/\/nomen.es\/ca\/wp-json\/wp\/v2\/users\/2"}],"replies":[{"embeddable":true,"href":"https:\/\/nomen.es\/ca\/wp-json\/wp\/v2\/comments?post=2251"}],"version-history":[{"count":0,"href":"https:\/\/nomen.es\/ca\/wp-json\/wp\/v2\/posts\/2251\/revisions"}],"wp:featuredmedia":[{"embeddable":true,"href":"https:\/\/nomen.es\/ca\/wp-json\/wp\/v2\/media\/2264"}],"wp:attachment":[{"href":"https:\/\/nomen.es\/ca\/wp-json\/wp\/v2\/media?parent=2251"}],"wp:term":[{"taxonomy":"category","embeddable":true,"href":"https:\/\/nomen.es\/ca\/wp-json\/wp\/v2\/categories?post=2251"},{"taxonomy":"post_tag","embeddable":true,"href":"https:\/\/nomen.es\/ca\/wp-json\/wp\/v2\/tags?post=2251"}],"curies":[{"name":"wp","href":"https:\/\/api.w.org\/{rel}","templated":true}]}}