{"id":23815,"date":"2022-11-23T09:25:44","date_gmt":"2022-11-23T08:25:44","guid":{"rendered":"https:\/\/nomen.es\/?p=23815"},"modified":"2022-11-23T09:25:44","modified_gmt":"2022-11-23T08:25:44","slug":"recepta-pastis-dolc-darros-amb-llet-al-forn","status":"publish","type":"post","link":"https:\/\/nomen.es\/ca\/recepta-pastis-dolc-darros-amb-llet-al-forn\/","title":{"rendered":"Recepta: past\u00eds dol\u00e7 d\u2019arr\u00f2s amb llet al forn"},"content":{"rendered":"<p>\u00c9s un past\u00eds? \u00c9s un pa de pessic? S\u00ed, \u00e9s una barreja d\u2019ambd\u00f3s. I tamb\u00e9 un <strong>arr\u00f2s amb llet<\/strong>, perqu\u00e8 aquesta elaboraci\u00f3 \u00e9s dins del past\u00eds i li dona un gust \u00fanic, a m\u00e9s d\u2019una textura s\u00faper original.<\/p>\n<p>El <strong>past\u00eds dol\u00e7 d\u2019arr\u00f2s amb llet al forn<\/strong> \u00e9s una bona recepta per a les postres d\u2019un dinar especial, per\u00f2 tamb\u00e9 \u00e9s <strong>un esmorzar o un berenar<\/strong> ideal per a cada dia, s\u00faper nutritiu i f\u00e0cil d\u2019emportar en un tupper a l\u2019escola o a la feina, per exemple.<\/p>\n<p>Pots preparar l\u2019arr\u00f2s amb llet expressament per a aquest past\u00eds, o tamb\u00e9 pots <strong>aprofitar un arr\u00f2s amb llet<\/strong> que t\u2019hagi sobrat. En qualsevol cas, el resultat ser\u00e0 un past\u00eds diferent, amb <strong>el gust de l\u2019arr\u00f2s amb llet de l\u2019\u00e0via<\/strong>. Tradici\u00f3 i modernitat van de la m\u00e0 en aquestes postres.<\/p>\n<h2>Ingredients del past\u00eds dol\u00e7 d\u2019arr\u00f2s amb llet al forn:<\/h2>\n<ul>\n<li>1 litre i mig de llet<\/li>\n<li>150 gr d\u2019<a href=\"https:\/\/nomen.es\/ca\/arros\/arros-bomba-nomen\/\">arr\u00f2s bomba Nomen<\/a><\/li>\n<li>100 gr de farina<\/li>\n<li>200 gr de sucre<\/li>\n<li>1 branca de canyella<\/li>\n<li>La pell de \u00bd llimona<\/li>\n<li>3 ous<\/li>\n<li>25 gr de mantega + una mica per al motlle<\/li>\n<li>1 cullerada de llevat en pols<\/li>\n<li>Sucre glas<\/li>\n<\/ul>\n<h2>Elaboraci\u00f3 del past\u00eds dol\u00e7 d\u2019arr\u00f2s amb llet al forn:<\/h2>\n<p><strong>Prepara l\u2019arr\u00f2s amb llet<\/strong>. Posa un cass\u00f3 al foc amb 1 litre de llet, la branca de canyella, la pell de llimona i el sucre. Escalfa\u2019l fins que arrenqui el bull i llavors apaga el foc i deixa infusionar, tapat, durant uns 15 minuts.<\/p>\n<p><strong>Afegeix l\u2019arr\u00f2s<\/strong>. Cola la llet per enretirar la canyella i la llimona. Torna a posar-la al cass\u00f3, afegeix l\u2019arr\u00f2s i cou-lo a foc lent durant 40 o 45 minuts. Quan en faltin 10 per acabar la cocci\u00f3 de l\u2019arr\u00f2s, precalenta el forn a 180\u00ba.<\/p>\n<p><strong>Fes la massa del past\u00eds<\/strong>. Enretira l\u2019arr\u00f2s del foc i deixa\u2019l atemperar. Despr\u00e9s, barreja\u2019l en un bol gran amb els ous batuts, la mantega fosa (pots fondre-la en un cass\u00f3 al foc o al microones) i la llet que queda.<\/p>\n<p><strong>Afegeix la farina i el llevat<\/strong>. Tamisa la farina i el llevat al damunt de la barreja anterior, per a evitar que es facin grumolls, i remena amb una esp\u00e0tula per a integrar-les.<\/p>\n<p><strong>Enforna el past\u00eds<\/strong>. Posa la massa en un motlle engreixat amb una mica de mantega i cou el past\u00eds al forn uns 40 minuts a 180\u00ba. Passat aquest temps, enretira el motlle del forn i deixa\u2019l atemperar a temperatura ambient.<\/p>\n<p><strong>Desmotlla i serveix<\/strong>. Desmotlla el past\u00eds d\u2019arr\u00f2s, decora\u2019l amb una mica de sucre glas i serveix.<\/p>\n<h2>Consells per al past\u00eds dol\u00e7 d\u2019arr\u00f2s amb llet:<\/h2>\n<ul>\n<li>Si ho prefereixes, pots fer servir sucre mor\u00e8 enlloc de sucre blanc i margarina enlloc de mantega.<\/li>\n<li>Si durant la cocci\u00f3 del past\u00eds veus que la superficie es torra massa, cobreix-lo amb paper de forn.<\/li>\n<li>La pell de la llimona no ha de tenir pelleta blanca, podria donar un gust amargant al past\u00eds.<\/li>\n<li>Enlloc de sucre glas, pots utilitzar cacau en pols per a decorar el past\u00eds.<\/li>\n<\/ul>\n","protected":false},"excerpt":{"rendered":"<p>\u00c9s un past\u00eds? \u00c9s un pa de pessic? S\u00ed, \u00e9s una barreja d\u2019ambd\u00f3s. I tamb\u00e9 un arr\u00f2s amb llet, perqu\u00e8 aquesta elaboraci\u00f3 \u00e9s dins del past\u00eds i li dona un gust \u00fanic, a m\u00e9s d\u2019una textura s\u00faper original. El past\u00eds dol\u00e7 d\u2019arr\u00f2s amb llet al forn \u00e9s una bona recepta per a les postres d\u2019un [&hellip;]<\/p>\n","protected":false},"author":2,"featured_media":23813,"comment_status":"open","ping_status":"open","sticky":false,"template":"","format":"standard","meta":{"_acf_changed":false,"_et_pb_use_builder":"","_et_pb_old_content":"","_et_gb_content_width":"","inline_featured_image":false,"footnotes":""},"categories":[146,1081],"tags":[],"class_list":["post-23815","post","type-post","status-publish","format-standard","has-post-thumbnail","hentry","category-cuina","category-cocina-ca"],"acf":[],"yoast_head":"<!-- This site is optimized with the Yoast SEO plugin v27.4 - https:\/\/yoast.com\/product\/yoast-seo-wordpress\/ -->\n<title>Recepta: past\u00eds dol\u00e7 d\u2019arr\u00f2s amb llet al forn - Nomen<\/title>\n<meta name=\"robots\" content=\"index, follow, max-snippet:-1, max-image-preview:large, max-video-preview:-1\" \/>\n<link rel=\"canonical\" href=\"https:\/\/nomen.es\/ca\/recepta-pastis-dolc-darros-amb-llet-al-forn\/\" \/>\n<meta property=\"og:locale\" content=\"ca_ES\" \/>\n<meta property=\"og:type\" content=\"article\" \/>\n<meta property=\"og:title\" content=\"Recepta: past\u00eds dol\u00e7 d\u2019arr\u00f2s amb llet al forn - Nomen\" \/>\n<meta property=\"og:description\" content=\"\u00c9s un past\u00eds? \u00c9s un pa de pessic? S\u00ed, \u00e9s una barreja d\u2019ambd\u00f3s. I tamb\u00e9 un arr\u00f2s amb llet, perqu\u00e8 aquesta elaboraci\u00f3 \u00e9s dins del past\u00eds i li dona un gust \u00fanic, a m\u00e9s d\u2019una textura s\u00faper original. El past\u00eds dol\u00e7 d\u2019arr\u00f2s amb llet al forn \u00e9s una bona recepta per a les postres d\u2019un [&hellip;]\" \/>\n<meta property=\"og:url\" content=\"https:\/\/nomen.es\/ca\/recepta-pastis-dolc-darros-amb-llet-al-forn\/\" \/>\n<meta property=\"og:site_name\" content=\"Nomen\" \/>\n<meta property=\"article:published_time\" content=\"2022-11-23T08:25:44+00:00\" \/>\n<meta property=\"og:image\" content=\"https:\/\/nomen.es\/wp-content\/uploads\/2022\/11\/pastel-arroz.jpg\" \/>\n\t<meta property=\"og:image:width\" content=\"900\" \/>\n\t<meta property=\"og:image:height\" content=\"600\" \/>\n\t<meta property=\"og:image:type\" content=\"image\/jpeg\" \/>\n<meta name=\"author\" content=\"Nomen\" \/>\n<meta name=\"twitter:label1\" content=\"Escrit per\" \/>\n\t<meta name=\"twitter:data1\" content=\"Nomen\" \/>\n\t<meta name=\"twitter:label2\" content=\"Temps estimat de lectura\" \/>\n\t<meta name=\"twitter:data2\" content=\"3 minuts\" \/>\n<script type=\"application\/ld+json\" class=\"yoast-schema-graph\">{\"@context\":\"https:\\\/\\\/schema.org\",\"@graph\":[{\"@type\":\"Article\",\"@id\":\"https:\\\/\\\/nomen.es\\\/ca\\\/recepta-pastis-dolc-darros-amb-llet-al-forn\\\/#article\",\"isPartOf\":{\"@id\":\"https:\\\/\\\/nomen.es\\\/ca\\\/recepta-pastis-dolc-darros-amb-llet-al-forn\\\/\"},\"author\":{\"name\":\"Nomen\",\"@id\":\"https:\\\/\\\/nomen.es\\\/#\\\/schema\\\/person\\\/e05dca4ee822516d2b98d8c40d7c7936\"},\"headline\":\"Recepta: past\u00eds dol\u00e7 d\u2019arr\u00f2s amb llet al forn\",\"datePublished\":\"2022-11-23T08:25:44+00:00\",\"mainEntityOfPage\":{\"@id\":\"https:\\\/\\\/nomen.es\\\/ca\\\/recepta-pastis-dolc-darros-amb-llet-al-forn\\\/\"},\"wordCount\":548,\"commentCount\":0,\"image\":{\"@id\":\"https:\\\/\\\/nomen.es\\\/ca\\\/recepta-pastis-dolc-darros-amb-llet-al-forn\\\/#primaryimage\"},\"thumbnailUrl\":\"https:\\\/\\\/nomen.es\\\/wp-content\\\/uploads\\\/2022\\\/11\\\/pastel-arroz.jpg\",\"articleSection\":[\"Cuina\",\"Cocina\"],\"inLanguage\":\"ca\",\"potentialAction\":[{\"@type\":\"CommentAction\",\"name\":\"Comment\",\"target\":[\"https:\\\/\\\/nomen.es\\\/ca\\\/recepta-pastis-dolc-darros-amb-llet-al-forn\\\/#respond\"]}]},{\"@type\":\"WebPage\",\"@id\":\"https:\\\/\\\/nomen.es\\\/ca\\\/recepta-pastis-dolc-darros-amb-llet-al-forn\\\/\",\"url\":\"https:\\\/\\\/nomen.es\\\/ca\\\/recepta-pastis-dolc-darros-amb-llet-al-forn\\\/\",\"name\":\"Recepta: past\u00eds dol\u00e7 d\u2019arr\u00f2s amb llet al forn - Nomen\",\"isPartOf\":{\"@id\":\"https:\\\/\\\/nomen.es\\\/#website\"},\"primaryImageOfPage\":{\"@id\":\"https:\\\/\\\/nomen.es\\\/ca\\\/recepta-pastis-dolc-darros-amb-llet-al-forn\\\/#primaryimage\"},\"image\":{\"@id\":\"https:\\\/\\\/nomen.es\\\/ca\\\/recepta-pastis-dolc-darros-amb-llet-al-forn\\\/#primaryimage\"},\"thumbnailUrl\":\"https:\\\/\\\/nomen.es\\\/wp-content\\\/uploads\\\/2022\\\/11\\\/pastel-arroz.jpg\",\"datePublished\":\"2022-11-23T08:25:44+00:00\",\"author\":{\"@id\":\"https:\\\/\\\/nomen.es\\\/#\\\/schema\\\/person\\\/e05dca4ee822516d2b98d8c40d7c7936\"},\"breadcrumb\":{\"@id\":\"https:\\\/\\\/nomen.es\\\/ca\\\/recepta-pastis-dolc-darros-amb-llet-al-forn\\\/#breadcrumb\"},\"inLanguage\":\"ca\",\"potentialAction\":[{\"@type\":\"ReadAction\",\"target\":[\"https:\\\/\\\/nomen.es\\\/ca\\\/recepta-pastis-dolc-darros-amb-llet-al-forn\\\/\"]}]},{\"@type\":\"ImageObject\",\"inLanguage\":\"ca\",\"@id\":\"https:\\\/\\\/nomen.es\\\/ca\\\/recepta-pastis-dolc-darros-amb-llet-al-forn\\\/#primaryimage\",\"url\":\"https:\\\/\\\/nomen.es\\\/wp-content\\\/uploads\\\/2022\\\/11\\\/pastel-arroz.jpg\",\"contentUrl\":\"https:\\\/\\\/nomen.es\\\/wp-content\\\/uploads\\\/2022\\\/11\\\/pastel-arroz.jpg\",\"width\":900,\"height\":600},{\"@type\":\"BreadcrumbList\",\"@id\":\"https:\\\/\\\/nomen.es\\\/ca\\\/recepta-pastis-dolc-darros-amb-llet-al-forn\\\/#breadcrumb\",\"itemListElement\":[{\"@type\":\"ListItem\",\"position\":1,\"name\":\"Portada\",\"item\":\"https:\\\/\\\/nomen.es\\\/ca\\\/\"},{\"@type\":\"ListItem\",\"position\":2,\"name\":\"Recepta: past\u00eds dol\u00e7 d\u2019arr\u00f2s amb llet al forn\"}]},{\"@type\":\"WebSite\",\"@id\":\"https:\\\/\\\/nomen.es\\\/#website\",\"url\":\"https:\\\/\\\/nomen.es\\\/\",\"name\":\"Nomen\",\"description\":\"Mucho m\u00e1s que arroz\",\"potentialAction\":[{\"@type\":\"SearchAction\",\"target\":{\"@type\":\"EntryPoint\",\"urlTemplate\":\"https:\\\/\\\/nomen.es\\\/?s={search_term_string}\"},\"query-input\":{\"@type\":\"PropertyValueSpecification\",\"valueRequired\":true,\"valueName\":\"search_term_string\"}}],\"inLanguage\":\"ca\"},{\"@type\":\"Person\",\"@id\":\"https:\\\/\\\/nomen.es\\\/#\\\/schema\\\/person\\\/e05dca4ee822516d2b98d8c40d7c7936\",\"name\":\"Nomen\",\"image\":{\"@type\":\"ImageObject\",\"inLanguage\":\"ca\",\"@id\":\"https:\\\/\\\/secure.gravatar.com\\\/avatar\\\/9706332b7e0d915e91c32e7737d8b5aea989a8aa0f5a11d27cdf2acb64563170?s=96&d=mm&r=g\",\"url\":\"https:\\\/\\\/secure.gravatar.com\\\/avatar\\\/9706332b7e0d915e91c32e7737d8b5aea989a8aa0f5a11d27cdf2acb64563170?s=96&d=mm&r=g\",\"contentUrl\":\"https:\\\/\\\/secure.gravatar.com\\\/avatar\\\/9706332b7e0d915e91c32e7737d8b5aea989a8aa0f5a11d27cdf2acb64563170?s=96&d=mm&r=g\",\"caption\":\"Nomen\"}}]}<\/script>\n<!-- \/ Yoast SEO plugin. -->","yoast_head_json":{"title":"Recepta: past\u00eds dol\u00e7 d\u2019arr\u00f2s amb llet al forn - Nomen","robots":{"index":"index","follow":"follow","max-snippet":"max-snippet:-1","max-image-preview":"max-image-preview:large","max-video-preview":"max-video-preview:-1"},"canonical":"https:\/\/nomen.es\/ca\/recepta-pastis-dolc-darros-amb-llet-al-forn\/","og_locale":"ca_ES","og_type":"article","og_title":"Recepta: past\u00eds dol\u00e7 d\u2019arr\u00f2s amb llet al forn - Nomen","og_description":"\u00c9s un past\u00eds? \u00c9s un pa de pessic? S\u00ed, \u00e9s una barreja d\u2019ambd\u00f3s. I tamb\u00e9 un arr\u00f2s amb llet, perqu\u00e8 aquesta elaboraci\u00f3 \u00e9s dins del past\u00eds i li dona un gust \u00fanic, a m\u00e9s d\u2019una textura s\u00faper original. El past\u00eds dol\u00e7 d\u2019arr\u00f2s amb llet al forn \u00e9s una bona recepta per a les postres d\u2019un [&hellip;]","og_url":"https:\/\/nomen.es\/ca\/recepta-pastis-dolc-darros-amb-llet-al-forn\/","og_site_name":"Nomen","article_published_time":"2022-11-23T08:25:44+00:00","og_image":[{"width":900,"height":600,"url":"https:\/\/nomen.es\/wp-content\/uploads\/2022\/11\/pastel-arroz.jpg","type":"image\/jpeg"}],"author":"Nomen","twitter_misc":{"Escrit per":"Nomen","Temps estimat de lectura":"3 minuts"},"schema":{"@context":"https:\/\/schema.org","@graph":[{"@type":"Article","@id":"https:\/\/nomen.es\/ca\/recepta-pastis-dolc-darros-amb-llet-al-forn\/#article","isPartOf":{"@id":"https:\/\/nomen.es\/ca\/recepta-pastis-dolc-darros-amb-llet-al-forn\/"},"author":{"name":"Nomen","@id":"https:\/\/nomen.es\/#\/schema\/person\/e05dca4ee822516d2b98d8c40d7c7936"},"headline":"Recepta: past\u00eds dol\u00e7 d\u2019arr\u00f2s amb llet al forn","datePublished":"2022-11-23T08:25:44+00:00","mainEntityOfPage":{"@id":"https:\/\/nomen.es\/ca\/recepta-pastis-dolc-darros-amb-llet-al-forn\/"},"wordCount":548,"commentCount":0,"image":{"@id":"https:\/\/nomen.es\/ca\/recepta-pastis-dolc-darros-amb-llet-al-forn\/#primaryimage"},"thumbnailUrl":"https:\/\/nomen.es\/wp-content\/uploads\/2022\/11\/pastel-arroz.jpg","articleSection":["Cuina","Cocina"],"inLanguage":"ca","potentialAction":[{"@type":"CommentAction","name":"Comment","target":["https:\/\/nomen.es\/ca\/recepta-pastis-dolc-darros-amb-llet-al-forn\/#respond"]}]},{"@type":"WebPage","@id":"https:\/\/nomen.es\/ca\/recepta-pastis-dolc-darros-amb-llet-al-forn\/","url":"https:\/\/nomen.es\/ca\/recepta-pastis-dolc-darros-amb-llet-al-forn\/","name":"Recepta: past\u00eds dol\u00e7 d\u2019arr\u00f2s amb llet al forn - Nomen","isPartOf":{"@id":"https:\/\/nomen.es\/#website"},"primaryImageOfPage":{"@id":"https:\/\/nomen.es\/ca\/recepta-pastis-dolc-darros-amb-llet-al-forn\/#primaryimage"},"image":{"@id":"https:\/\/nomen.es\/ca\/recepta-pastis-dolc-darros-amb-llet-al-forn\/#primaryimage"},"thumbnailUrl":"https:\/\/nomen.es\/wp-content\/uploads\/2022\/11\/pastel-arroz.jpg","datePublished":"2022-11-23T08:25:44+00:00","author":{"@id":"https:\/\/nomen.es\/#\/schema\/person\/e05dca4ee822516d2b98d8c40d7c7936"},"breadcrumb":{"@id":"https:\/\/nomen.es\/ca\/recepta-pastis-dolc-darros-amb-llet-al-forn\/#breadcrumb"},"inLanguage":"ca","potentialAction":[{"@type":"ReadAction","target":["https:\/\/nomen.es\/ca\/recepta-pastis-dolc-darros-amb-llet-al-forn\/"]}]},{"@type":"ImageObject","inLanguage":"ca","@id":"https:\/\/nomen.es\/ca\/recepta-pastis-dolc-darros-amb-llet-al-forn\/#primaryimage","url":"https:\/\/nomen.es\/wp-content\/uploads\/2022\/11\/pastel-arroz.jpg","contentUrl":"https:\/\/nomen.es\/wp-content\/uploads\/2022\/11\/pastel-arroz.jpg","width":900,"height":600},{"@type":"BreadcrumbList","@id":"https:\/\/nomen.es\/ca\/recepta-pastis-dolc-darros-amb-llet-al-forn\/#breadcrumb","itemListElement":[{"@type":"ListItem","position":1,"name":"Portada","item":"https:\/\/nomen.es\/ca\/"},{"@type":"ListItem","position":2,"name":"Recepta: past\u00eds dol\u00e7 d\u2019arr\u00f2s amb llet al forn"}]},{"@type":"WebSite","@id":"https:\/\/nomen.es\/#website","url":"https:\/\/nomen.es\/","name":"Nomen","description":"Mucho m\u00e1s que arroz","potentialAction":[{"@type":"SearchAction","target":{"@type":"EntryPoint","urlTemplate":"https:\/\/nomen.es\/?s={search_term_string}"},"query-input":{"@type":"PropertyValueSpecification","valueRequired":true,"valueName":"search_term_string"}}],"inLanguage":"ca"},{"@type":"Person","@id":"https:\/\/nomen.es\/#\/schema\/person\/e05dca4ee822516d2b98d8c40d7c7936","name":"Nomen","image":{"@type":"ImageObject","inLanguage":"ca","@id":"https:\/\/secure.gravatar.com\/avatar\/9706332b7e0d915e91c32e7737d8b5aea989a8aa0f5a11d27cdf2acb64563170?s=96&d=mm&r=g","url":"https:\/\/secure.gravatar.com\/avatar\/9706332b7e0d915e91c32e7737d8b5aea989a8aa0f5a11d27cdf2acb64563170?s=96&d=mm&r=g","contentUrl":"https:\/\/secure.gravatar.com\/avatar\/9706332b7e0d915e91c32e7737d8b5aea989a8aa0f5a11d27cdf2acb64563170?s=96&d=mm&r=g","caption":"Nomen"}}]}},"_links":{"self":[{"href":"https:\/\/nomen.es\/ca\/wp-json\/wp\/v2\/posts\/23815","targetHints":{"allow":["GET"]}}],"collection":[{"href":"https:\/\/nomen.es\/ca\/wp-json\/wp\/v2\/posts"}],"about":[{"href":"https:\/\/nomen.es\/ca\/wp-json\/wp\/v2\/types\/post"}],"author":[{"embeddable":true,"href":"https:\/\/nomen.es\/ca\/wp-json\/wp\/v2\/users\/2"}],"replies":[{"embeddable":true,"href":"https:\/\/nomen.es\/ca\/wp-json\/wp\/v2\/comments?post=23815"}],"version-history":[{"count":0,"href":"https:\/\/nomen.es\/ca\/wp-json\/wp\/v2\/posts\/23815\/revisions"}],"wp:featuredmedia":[{"embeddable":true,"href":"https:\/\/nomen.es\/ca\/wp-json\/wp\/v2\/media\/23813"}],"wp:attachment":[{"href":"https:\/\/nomen.es\/ca\/wp-json\/wp\/v2\/media?parent=23815"}],"wp:term":[{"taxonomy":"category","embeddable":true,"href":"https:\/\/nomen.es\/ca\/wp-json\/wp\/v2\/categories?post=23815"},{"taxonomy":"post_tag","embeddable":true,"href":"https:\/\/nomen.es\/ca\/wp-json\/wp\/v2\/tags?post=23815"}],"curies":[{"name":"wp","href":"https:\/\/api.w.org\/{rel}","templated":true}]}}