{"id":25729,"date":"2023-01-11T08:30:13","date_gmt":"2023-01-11T07:30:13","guid":{"rendered":"https:\/\/nomen.es\/?p=25729"},"modified":"2023-01-10T22:51:06","modified_gmt":"2023-01-10T21:51:06","slug":"quines-receptes-cuinar-amb-el-nou-arros-qualitat-1-minut-de-nomen","status":"publish","type":"post","link":"https:\/\/nomen.es\/ca\/quines-receptes-cuinar-amb-el-nou-arros-qualitat-1-minut-de-nomen\/","title":{"rendered":"Quines receptes cuinar amb el nou arr\u00f2s Qualitat 1 minut de Nomen?"},"content":{"rendered":"<p>Hi ha molt\u00edssimes receptes perfectes per a l\u2019estiu que pots preparar amb l\u2019arr\u00f2s precuinat <a href=\"https:\/\/nomen.es\/ca\/productes-nomen\/gamma-qualitat-1-minut\/\">Qualitat 1 minut de Nomen<\/a>. Encara que <strong>no tinguis temps de cuinar<\/strong> (o precisament perqu\u00e8 no en tens, de temps), amb aquest arr\u00f2s precuinat de Nomen fer el dinar o el sopar ser\u00e0 q\u00fcesti\u00f3 de minuts.<\/p>\n<p>Avui ens centrarem el els plats freds o temperats, que amb la calor venen molt m\u00e9s de gust que els calents. A m\u00e9s, <strong>s\u00f3n receptes que pots tenir preparades amb antelaci\u00f3<\/strong>, fet que t\u2019ajudar\u00e0 molt a organitzar-te i planificar-te.<\/p>\n<h2>Receptes fredes amb l\u2019arr\u00f2s Qualitat 1 minut de Nomen<\/h2>\n<h3>Amanides:<\/h3>\n<p>Ja saps que a una amanida li pots afegir els ingredients que vulguis (o els que tinguis a la nevera). Per\u00f2 hi ha combinacions que queden delicioses i que de vegades no et venen al cap. Aquestes en s\u00f3n algunes.<\/p>\n<h4>1. Amanida de ruca amb figues i feta<\/h4>\n<p>Aprofitar els aliments de temporada \u00e9s una actitud responsable amb el medi ambient, per aix\u00f2 la nostra primera recepta \u00e9s una <a href=\"https:\/\/nomen.es\/ca\/recepta\/amanida-ruca-figues-feta\/\">amanida amb figues<\/a>, ingredient de l\u2019estiu per excel\u00b7l\u00e8ncia. La seva dol\u00e7or combina perfectament amb el punt amargant de la ruca i amb el salat del formatge feta. L\u2019arr\u00f2s \u00e9s el complement perfecte per a tots ells. Pots fer servir qualsevol de les sis varietats que tenim: rod\u00f3, basmati, integral, integral amb verdures i llavors, integral amb quinoa i ecol\u00f2gic.<\/p>\n<h4>2. Amanida t\u00e8bia marroquina amb cigrons<\/h4>\n<p>La barreja dels dos ingredients b\u00e0sics d\u2019aquesta <a href=\"https:\/\/nomen.es\/ca\/recepta\/amanida-tebia-marroqui-amb-cigrons\/\">amanida t\u00e8bia marroquina<\/a>, arr\u00f2s i cigrons, \u00e9s una explosi\u00f3 d\u2019energia i de nutrients. Tamb\u00e9 hi hem posat d\u00e0tils, ametlles, olives negres d\u2019Arag\u00f3, ceba tendra i ingredients que potencien el punt ex\u00f2tic, com el coriandre i el com\u00ed.<\/p>\n<h4>3. Amanida d\u2019arr\u00f2s, tom\u00e0quet, mozzarella i alf\u00e0brega<\/h4>\n<p>L\u2019amanida caprese \u00e9s un dels plats vegetals m\u00e9s famosos d\u2019It\u00e0lia i reprodueix els colors de la bandera del pa\u00eds: vermell (el del tom\u00e0quet), blanc (el de la mozzarella) i verd (el de l\u2019alf\u00e0brega). Per a <a href=\"https:\/\/nomen.es\/ca\/recepta\/amanida-darros-tomaquet-mozzarella-i-alfabrega\/\">aquesta amanida<\/a>, nosaltres hem afegit una mica d\u2019arr\u00f2s i d\u2019aquesta manera l\u2019hem convertit en un plat \u00fanic perfecte.<\/p>\n<h3>Plats tebis<\/h3>\n<p>T\u00e8bies o fredes, aqustes receptes amb arr\u00f2s et solucionen el dinar o el sopar i les pots tenir fetes amb antel.laci\u00f3, fet que et permet aprofitar el temps amb els teus.<\/p>\n<h4>1. Mandonguilles d\u2019arr\u00f2s amb salsa de iogurt<\/h4>\n<p>Les <a href=\"https:\/\/nomen.es\/ca\/recepta\/mandonguilles-darros-salvatge-amb-salsa-de-iogurt\/\">mandonguilles que et proposem es preparen amb carn picada i arr\u00f2s<\/a> (veur\u00e0s que les de la recepta porten arr\u00f2s salvatge, per\u00f2 pots fer-les amb l\u2019arr\u00f2s basmati Qualitat 1 minut de Nomen, et quedar\u00e0n igual de bones) i es cuinen al forn. Despr\u00e9s es serveixen amb una salsa de iogurt molt refrescant, aix\u00ed que poden estar a temperatura ambient sense cap mena de problema.<\/p>\n<h4>2. Arr\u00f2s basmati amb alberg\u00ednies, tom\u00e0quet, t\u00e0peres i olives<\/h4>\n<p>Aquesta recepta \u00e9s ideal per a aprofitar el temps de les hortalisses de l\u2019hort com les alberg\u00ednies i els tom\u00e0quets. Tamb\u00e9 podries fer servir carbassons i pebrots, si t\u2019agraden, perqu\u00e8 del qu\u00e8 es tracta \u00e9s de preparar una mena de <a href=\"https:\/\/nomen.es\/ca\/recepta\/arros-basmati-amb-alberginia-tomaquet-taperes-i-olives\/\">pisto amb les verdures sofregidetes i servir-lo sobre una base d\u2019arr\u00f2s basmati<\/a>. Si vols una presentaci\u00f3 de festa, emplata\u2019l en timbal.<\/p>\n<h4>3. Pebrots del piquillo farcits d\u2019arr\u00f2s<\/h4>\n<p>Un plat f\u00e0cil, fresquet i que entra pels ulls, perfecte si tens convidats per\u00f2 no vols liar-te massa a la cuina. <a href=\"https:\/\/nomen.es\/ca\/recepta\/pebrots-del-piquillo-farcits-darros-ecologic\/\">Els pebrots del piquillo es farceixen amb una amanida d\u2019arr\u00f2s, tonyina, cogombrets, olives, enciam i maionesa<\/a>. I despr\u00e9s es serveixen amb una salsa facil\u00edssima de pebrots del piquillo amb un toc de nata.<\/p>\n<h3>Postres<\/h3>\n<h4>1. Amanida dol\u00e7a d\u2019arr\u00f2s amb pr\u00e9ssec<\/h4>\n<p>El pr\u00e9ssec \u00e9s una altra de les fruites de l\u2019estiu que no es troben fora de temporada. Refrescant, dol\u00e7 i amb un gust \u00fanic, tamb\u00e9 \u00e9s un ingredient perfecte per a les postres. Aquestes, per exemple, s\u00f3n una <a href=\"https:\/\/nomen.es\/ca\/recepta\/amanida-dolca-arros-pressecs\/\">amanida d\u2019arr\u00f2s integral<\/a> que tamb\u00e9 porta anacards, menta i suc de llimona.<\/p>\n<h4>2. Porridge tropical<\/h4>\n<p>Delici\u00f3s i super nutritiu, aquest <a href=\"https:\/\/nomen.es\/ca\/recepta\/porridge-tropical\/\">porridge tropical<\/a> tamb\u00e9 \u00e9s un dejuni perfecte que et donar\u00e0 totes les vitamines necess\u00e0ries per a afrontar el dia. Amb arr\u00f2s integral Nomen cuit en llet de coco, que pots substituir per arr\u00f2s Qualitat 1 minut de Nomen. Mentre l\u2019escalfes al microones (en 1 minut estar\u00e0 a punt), el barreges amb la llet de coco i esperes que es refredi, peles la fruita i la talles a daus o a rodanxes.<\/p>\n","protected":false},"excerpt":{"rendered":"<p>Hi ha molt\u00edssimes receptes perfectes per a l\u2019estiu que pots preparar amb l\u2019arr\u00f2s precuinat Qualitat 1 minut de Nomen. Encara que no tinguis temps de cuinar (o precisament perqu\u00e8 no en tens, de temps), amb aquest arr\u00f2s precuinat de Nomen fer el dinar o el sopar ser\u00e0 q\u00fcesti\u00f3 de minuts. Avui ens centrarem el els [&hellip;]<\/p>\n","protected":false},"author":2,"featured_media":25726,"comment_status":"open","ping_status":"open","sticky":false,"template":"","format":"standard","meta":{"_acf_changed":false,"_et_pb_use_builder":"","_et_pb_old_content":"","_et_gb_content_width":"","inline_featured_image":false,"footnotes":""},"categories":[146,1081],"tags":[],"class_list":["post-25729","post","type-post","status-publish","format-standard","has-post-thumbnail","hentry","category-cuina","category-cocina-ca"],"acf":[],"yoast_head":"<!-- This site is optimized with the Yoast SEO plugin v27.5 - https:\/\/yoast.com\/product\/yoast-seo-wordpress\/ -->\n<title>Quines receptes cuinar amb el nou arr\u00f2s Qualitat 1 minut de Nomen? - Nomen<\/title>\n<meta name=\"robots\" content=\"index, follow, max-snippet:-1, max-image-preview:large, max-video-preview:-1\" \/>\n<link rel=\"canonical\" href=\"https:\/\/nomen.es\/ca\/quines-receptes-cuinar-amb-el-nou-arros-qualitat-1-minut-de-nomen\/\" \/>\n<meta property=\"og:locale\" content=\"ca_ES\" \/>\n<meta property=\"og:type\" content=\"article\" \/>\n<meta property=\"og:title\" content=\"Quines receptes cuinar amb el nou arr\u00f2s Qualitat 1 minut de Nomen? - Nomen\" \/>\n<meta property=\"og:description\" content=\"Hi ha molt\u00edssimes receptes perfectes per a l\u2019estiu que pots preparar amb l\u2019arr\u00f2s precuinat Qualitat 1 minut de Nomen. Encara que no tinguis temps de cuinar (o precisament perqu\u00e8 no en tens, de temps), amb aquest arr\u00f2s precuinat de Nomen fer el dinar o el sopar ser\u00e0 q\u00fcesti\u00f3 de minuts. Avui ens centrarem el els [&hellip;]\" \/>\n<meta property=\"og:url\" content=\"https:\/\/nomen.es\/ca\/quines-receptes-cuinar-amb-el-nou-arros-qualitat-1-minut-de-nomen\/\" \/>\n<meta property=\"og:site_name\" content=\"Nomen\" \/>\n<meta property=\"article:published_time\" content=\"2023-01-11T07:30:13+00:00\" \/>\n<meta property=\"og:image\" content=\"https:\/\/nomen.es\/wp-content\/uploads\/2023\/01\/arroz-marroqui.jpg\" \/>\n\t<meta property=\"og:image:width\" content=\"900\" \/>\n\t<meta property=\"og:image:height\" content=\"600\" \/>\n\t<meta property=\"og:image:type\" content=\"image\/jpeg\" \/>\n<meta name=\"author\" content=\"Nomen\" \/>\n<meta name=\"twitter:label1\" content=\"Escrit per\" \/>\n\t<meta name=\"twitter:data1\" content=\"Nomen\" \/>\n\t<meta name=\"twitter:label2\" content=\"Temps estimat de lectura\" \/>\n\t<meta name=\"twitter:data2\" content=\"4 minuts\" \/>\n<script type=\"application\/ld+json\" class=\"yoast-schema-graph\">{\"@context\":\"https:\\\/\\\/schema.org\",\"@graph\":[{\"@type\":\"Article\",\"@id\":\"https:\\\/\\\/nomen.es\\\/ca\\\/quines-receptes-cuinar-amb-el-nou-arros-qualitat-1-minut-de-nomen\\\/#article\",\"isPartOf\":{\"@id\":\"https:\\\/\\\/nomen.es\\\/ca\\\/quines-receptes-cuinar-amb-el-nou-arros-qualitat-1-minut-de-nomen\\\/\"},\"author\":{\"name\":\"Nomen\",\"@id\":\"https:\\\/\\\/nomen.es\\\/#\\\/schema\\\/person\\\/e05dca4ee822516d2b98d8c40d7c7936\"},\"headline\":\"Quines receptes cuinar amb el nou arr\u00f2s Qualitat 1 minut de Nomen?\",\"datePublished\":\"2023-01-11T07:30:13+00:00\",\"mainEntityOfPage\":{\"@id\":\"https:\\\/\\\/nomen.es\\\/ca\\\/quines-receptes-cuinar-amb-el-nou-arros-qualitat-1-minut-de-nomen\\\/\"},\"wordCount\":795,\"commentCount\":0,\"image\":{\"@id\":\"https:\\\/\\\/nomen.es\\\/ca\\\/quines-receptes-cuinar-amb-el-nou-arros-qualitat-1-minut-de-nomen\\\/#primaryimage\"},\"thumbnailUrl\":\"https:\\\/\\\/nomen.es\\\/wp-content\\\/uploads\\\/2023\\\/01\\\/arroz-marroqui.jpg\",\"articleSection\":[\"Cuina\",\"Cocina\"],\"inLanguage\":\"ca\",\"potentialAction\":[{\"@type\":\"CommentAction\",\"name\":\"Comment\",\"target\":[\"https:\\\/\\\/nomen.es\\\/ca\\\/quines-receptes-cuinar-amb-el-nou-arros-qualitat-1-minut-de-nomen\\\/#respond\"]}]},{\"@type\":\"WebPage\",\"@id\":\"https:\\\/\\\/nomen.es\\\/ca\\\/quines-receptes-cuinar-amb-el-nou-arros-qualitat-1-minut-de-nomen\\\/\",\"url\":\"https:\\\/\\\/nomen.es\\\/ca\\\/quines-receptes-cuinar-amb-el-nou-arros-qualitat-1-minut-de-nomen\\\/\",\"name\":\"Quines receptes cuinar amb el nou arr\u00f2s Qualitat 1 minut de Nomen? - Nomen\",\"isPartOf\":{\"@id\":\"https:\\\/\\\/nomen.es\\\/#website\"},\"primaryImageOfPage\":{\"@id\":\"https:\\\/\\\/nomen.es\\\/ca\\\/quines-receptes-cuinar-amb-el-nou-arros-qualitat-1-minut-de-nomen\\\/#primaryimage\"},\"image\":{\"@id\":\"https:\\\/\\\/nomen.es\\\/ca\\\/quines-receptes-cuinar-amb-el-nou-arros-qualitat-1-minut-de-nomen\\\/#primaryimage\"},\"thumbnailUrl\":\"https:\\\/\\\/nomen.es\\\/wp-content\\\/uploads\\\/2023\\\/01\\\/arroz-marroqui.jpg\",\"datePublished\":\"2023-01-11T07:30:13+00:00\",\"author\":{\"@id\":\"https:\\\/\\\/nomen.es\\\/#\\\/schema\\\/person\\\/e05dca4ee822516d2b98d8c40d7c7936\"},\"breadcrumb\":{\"@id\":\"https:\\\/\\\/nomen.es\\\/ca\\\/quines-receptes-cuinar-amb-el-nou-arros-qualitat-1-minut-de-nomen\\\/#breadcrumb\"},\"inLanguage\":\"ca\",\"potentialAction\":[{\"@type\":\"ReadAction\",\"target\":[\"https:\\\/\\\/nomen.es\\\/ca\\\/quines-receptes-cuinar-amb-el-nou-arros-qualitat-1-minut-de-nomen\\\/\"]}]},{\"@type\":\"ImageObject\",\"inLanguage\":\"ca\",\"@id\":\"https:\\\/\\\/nomen.es\\\/ca\\\/quines-receptes-cuinar-amb-el-nou-arros-qualitat-1-minut-de-nomen\\\/#primaryimage\",\"url\":\"https:\\\/\\\/nomen.es\\\/wp-content\\\/uploads\\\/2023\\\/01\\\/arroz-marroqui.jpg\",\"contentUrl\":\"https:\\\/\\\/nomen.es\\\/wp-content\\\/uploads\\\/2023\\\/01\\\/arroz-marroqui.jpg\",\"width\":900,\"height\":600},{\"@type\":\"BreadcrumbList\",\"@id\":\"https:\\\/\\\/nomen.es\\\/ca\\\/quines-receptes-cuinar-amb-el-nou-arros-qualitat-1-minut-de-nomen\\\/#breadcrumb\",\"itemListElement\":[{\"@type\":\"ListItem\",\"position\":1,\"name\":\"Portada\",\"item\":\"https:\\\/\\\/nomen.es\\\/ca\\\/\"},{\"@type\":\"ListItem\",\"position\":2,\"name\":\"Quines receptes cuinar amb el nou arr\u00f2s Qualitat 1 minut de Nomen?\"}]},{\"@type\":\"WebSite\",\"@id\":\"https:\\\/\\\/nomen.es\\\/#website\",\"url\":\"https:\\\/\\\/nomen.es\\\/\",\"name\":\"Nomen\",\"description\":\"Mucho m\u00e1s que arroz\",\"potentialAction\":[{\"@type\":\"SearchAction\",\"target\":{\"@type\":\"EntryPoint\",\"urlTemplate\":\"https:\\\/\\\/nomen.es\\\/?s={search_term_string}\"},\"query-input\":{\"@type\":\"PropertyValueSpecification\",\"valueRequired\":true,\"valueName\":\"search_term_string\"}}],\"inLanguage\":\"ca\"},{\"@type\":\"Person\",\"@id\":\"https:\\\/\\\/nomen.es\\\/#\\\/schema\\\/person\\\/e05dca4ee822516d2b98d8c40d7c7936\",\"name\":\"Nomen\",\"image\":{\"@type\":\"ImageObject\",\"inLanguage\":\"ca\",\"@id\":\"https:\\\/\\\/secure.gravatar.com\\\/avatar\\\/9706332b7e0d915e91c32e7737d8b5aea989a8aa0f5a11d27cdf2acb64563170?s=96&d=mm&r=g\",\"url\":\"https:\\\/\\\/secure.gravatar.com\\\/avatar\\\/9706332b7e0d915e91c32e7737d8b5aea989a8aa0f5a11d27cdf2acb64563170?s=96&d=mm&r=g\",\"contentUrl\":\"https:\\\/\\\/secure.gravatar.com\\\/avatar\\\/9706332b7e0d915e91c32e7737d8b5aea989a8aa0f5a11d27cdf2acb64563170?s=96&d=mm&r=g\",\"caption\":\"Nomen\"}}]}<\/script>\n<!-- \/ Yoast SEO plugin. -->","yoast_head_json":{"title":"Quines receptes cuinar amb el nou arr\u00f2s Qualitat 1 minut de Nomen? - Nomen","robots":{"index":"index","follow":"follow","max-snippet":"max-snippet:-1","max-image-preview":"max-image-preview:large","max-video-preview":"max-video-preview:-1"},"canonical":"https:\/\/nomen.es\/ca\/quines-receptes-cuinar-amb-el-nou-arros-qualitat-1-minut-de-nomen\/","og_locale":"ca_ES","og_type":"article","og_title":"Quines receptes cuinar amb el nou arr\u00f2s Qualitat 1 minut de Nomen? - Nomen","og_description":"Hi ha molt\u00edssimes receptes perfectes per a l\u2019estiu que pots preparar amb l\u2019arr\u00f2s precuinat Qualitat 1 minut de Nomen. Encara que no tinguis temps de cuinar (o precisament perqu\u00e8 no en tens, de temps), amb aquest arr\u00f2s precuinat de Nomen fer el dinar o el sopar ser\u00e0 q\u00fcesti\u00f3 de minuts. Avui ens centrarem el els [&hellip;]","og_url":"https:\/\/nomen.es\/ca\/quines-receptes-cuinar-amb-el-nou-arros-qualitat-1-minut-de-nomen\/","og_site_name":"Nomen","article_published_time":"2023-01-11T07:30:13+00:00","og_image":[{"width":900,"height":600,"url":"https:\/\/nomen.es\/wp-content\/uploads\/2023\/01\/arroz-marroqui.jpg","type":"image\/jpeg"}],"author":"Nomen","twitter_misc":{"Escrit per":"Nomen","Temps estimat de lectura":"4 minuts"},"schema":{"@context":"https:\/\/schema.org","@graph":[{"@type":"Article","@id":"https:\/\/nomen.es\/ca\/quines-receptes-cuinar-amb-el-nou-arros-qualitat-1-minut-de-nomen\/#article","isPartOf":{"@id":"https:\/\/nomen.es\/ca\/quines-receptes-cuinar-amb-el-nou-arros-qualitat-1-minut-de-nomen\/"},"author":{"name":"Nomen","@id":"https:\/\/nomen.es\/#\/schema\/person\/e05dca4ee822516d2b98d8c40d7c7936"},"headline":"Quines receptes cuinar amb el nou arr\u00f2s Qualitat 1 minut de Nomen?","datePublished":"2023-01-11T07:30:13+00:00","mainEntityOfPage":{"@id":"https:\/\/nomen.es\/ca\/quines-receptes-cuinar-amb-el-nou-arros-qualitat-1-minut-de-nomen\/"},"wordCount":795,"commentCount":0,"image":{"@id":"https:\/\/nomen.es\/ca\/quines-receptes-cuinar-amb-el-nou-arros-qualitat-1-minut-de-nomen\/#primaryimage"},"thumbnailUrl":"https:\/\/nomen.es\/wp-content\/uploads\/2023\/01\/arroz-marroqui.jpg","articleSection":["Cuina","Cocina"],"inLanguage":"ca","potentialAction":[{"@type":"CommentAction","name":"Comment","target":["https:\/\/nomen.es\/ca\/quines-receptes-cuinar-amb-el-nou-arros-qualitat-1-minut-de-nomen\/#respond"]}]},{"@type":"WebPage","@id":"https:\/\/nomen.es\/ca\/quines-receptes-cuinar-amb-el-nou-arros-qualitat-1-minut-de-nomen\/","url":"https:\/\/nomen.es\/ca\/quines-receptes-cuinar-amb-el-nou-arros-qualitat-1-minut-de-nomen\/","name":"Quines receptes cuinar amb el nou arr\u00f2s Qualitat 1 minut de Nomen? - Nomen","isPartOf":{"@id":"https:\/\/nomen.es\/#website"},"primaryImageOfPage":{"@id":"https:\/\/nomen.es\/ca\/quines-receptes-cuinar-amb-el-nou-arros-qualitat-1-minut-de-nomen\/#primaryimage"},"image":{"@id":"https:\/\/nomen.es\/ca\/quines-receptes-cuinar-amb-el-nou-arros-qualitat-1-minut-de-nomen\/#primaryimage"},"thumbnailUrl":"https:\/\/nomen.es\/wp-content\/uploads\/2023\/01\/arroz-marroqui.jpg","datePublished":"2023-01-11T07:30:13+00:00","author":{"@id":"https:\/\/nomen.es\/#\/schema\/person\/e05dca4ee822516d2b98d8c40d7c7936"},"breadcrumb":{"@id":"https:\/\/nomen.es\/ca\/quines-receptes-cuinar-amb-el-nou-arros-qualitat-1-minut-de-nomen\/#breadcrumb"},"inLanguage":"ca","potentialAction":[{"@type":"ReadAction","target":["https:\/\/nomen.es\/ca\/quines-receptes-cuinar-amb-el-nou-arros-qualitat-1-minut-de-nomen\/"]}]},{"@type":"ImageObject","inLanguage":"ca","@id":"https:\/\/nomen.es\/ca\/quines-receptes-cuinar-amb-el-nou-arros-qualitat-1-minut-de-nomen\/#primaryimage","url":"https:\/\/nomen.es\/wp-content\/uploads\/2023\/01\/arroz-marroqui.jpg","contentUrl":"https:\/\/nomen.es\/wp-content\/uploads\/2023\/01\/arroz-marroqui.jpg","width":900,"height":600},{"@type":"BreadcrumbList","@id":"https:\/\/nomen.es\/ca\/quines-receptes-cuinar-amb-el-nou-arros-qualitat-1-minut-de-nomen\/#breadcrumb","itemListElement":[{"@type":"ListItem","position":1,"name":"Portada","item":"https:\/\/nomen.es\/ca\/"},{"@type":"ListItem","position":2,"name":"Quines receptes cuinar amb el nou arr\u00f2s Qualitat 1 minut de Nomen?"}]},{"@type":"WebSite","@id":"https:\/\/nomen.es\/#website","url":"https:\/\/nomen.es\/","name":"Nomen","description":"Mucho m\u00e1s que arroz","potentialAction":[{"@type":"SearchAction","target":{"@type":"EntryPoint","urlTemplate":"https:\/\/nomen.es\/?s={search_term_string}"},"query-input":{"@type":"PropertyValueSpecification","valueRequired":true,"valueName":"search_term_string"}}],"inLanguage":"ca"},{"@type":"Person","@id":"https:\/\/nomen.es\/#\/schema\/person\/e05dca4ee822516d2b98d8c40d7c7936","name":"Nomen","image":{"@type":"ImageObject","inLanguage":"ca","@id":"https:\/\/secure.gravatar.com\/avatar\/9706332b7e0d915e91c32e7737d8b5aea989a8aa0f5a11d27cdf2acb64563170?s=96&d=mm&r=g","url":"https:\/\/secure.gravatar.com\/avatar\/9706332b7e0d915e91c32e7737d8b5aea989a8aa0f5a11d27cdf2acb64563170?s=96&d=mm&r=g","contentUrl":"https:\/\/secure.gravatar.com\/avatar\/9706332b7e0d915e91c32e7737d8b5aea989a8aa0f5a11d27cdf2acb64563170?s=96&d=mm&r=g","caption":"Nomen"}}]}},"_links":{"self":[{"href":"https:\/\/nomen.es\/ca\/wp-json\/wp\/v2\/posts\/25729","targetHints":{"allow":["GET"]}}],"collection":[{"href":"https:\/\/nomen.es\/ca\/wp-json\/wp\/v2\/posts"}],"about":[{"href":"https:\/\/nomen.es\/ca\/wp-json\/wp\/v2\/types\/post"}],"author":[{"embeddable":true,"href":"https:\/\/nomen.es\/ca\/wp-json\/wp\/v2\/users\/2"}],"replies":[{"embeddable":true,"href":"https:\/\/nomen.es\/ca\/wp-json\/wp\/v2\/comments?post=25729"}],"version-history":[{"count":0,"href":"https:\/\/nomen.es\/ca\/wp-json\/wp\/v2\/posts\/25729\/revisions"}],"wp:featuredmedia":[{"embeddable":true,"href":"https:\/\/nomen.es\/ca\/wp-json\/wp\/v2\/media\/25726"}],"wp:attachment":[{"href":"https:\/\/nomen.es\/ca\/wp-json\/wp\/v2\/media?parent=25729"}],"wp:term":[{"taxonomy":"category","embeddable":true,"href":"https:\/\/nomen.es\/ca\/wp-json\/wp\/v2\/categories?post=25729"},{"taxonomy":"post_tag","embeddable":true,"href":"https:\/\/nomen.es\/ca\/wp-json\/wp\/v2\/tags?post=25729"}],"curies":[{"name":"wp","href":"https:\/\/api.w.org\/{rel}","templated":true}]}}