{"id":26089,"date":"2023-01-18T08:30:11","date_gmt":"2023-01-18T07:30:11","guid":{"rendered":"https:\/\/nomen.es\/?p=26089"},"modified":"2023-01-17T21:14:01","modified_gmt":"2023-01-17T20:14:01","slug":"3-plats-unics-calents-amb-qualitat-1-minut-de-nomen","status":"publish","type":"post","link":"https:\/\/nomen.es\/ca\/3-plats-unics-calents-amb-qualitat-1-minut-de-nomen\/","title":{"rendered":"3 plats \u00fanics calents amb Qualitat 1 minut de Nomen"},"content":{"rendered":"<p>L\u2019<a href=\"https:\/\/nomen.es\/ca\/productes-nomen\/gamma-qualitat-1-minut\/\">arr\u00f2s precuinat de Nomen<\/a> \u00e9s un recurs pr\u00e0ctic per a <strong>estalviar-te temps a la cuina sense renunciar al gust i al menjar saludable<\/strong>. Gr\u00e0cies al seu env\u00e0s de vidre amb sistema de tancat al buit, l\u2019arr\u00f2s <strong>conserva tots els seus valors nutricionals i el seu gust<\/strong> original.<\/p>\n<p>Per\u00f2 si pensaves que amb l\u2019arr\u00f2s de les <a href=\"https:\/\/nomen.es\/ca\/productes-nomen\/gamma-qualitat-1-minut\/\">racions individuals Qualitat 1 minut de Nomen<\/a> nom\u00e9s podies preparar acompanyaments o amanides, en aquest article veur\u00e0s que \u00e9s perfecte per aix\u00f2&#8230; i molt m\u00e9s. Tamb\u00e9 <strong>\u00e9s ideal per a preparar plats calentets i recomfortants<\/strong> ara que el fred ja ha tornat a fer acte de pres\u00e8ncia.<\/p>\n<h2>Plats calents amb arr\u00f2s Qualitat 1 minut de Nomen<\/h2>\n<p>Una crema, un saltat i un farcit. S\u00f3n les tres propostes d\u2019avui per a cuinar amb els <a href=\"https:\/\/nomen.es\/ca\/productes-nomen\/gamma-qualitat-1-minut\/\">vasets d\u2019arr\u00f2s Qualitat 1 minut de Nomen<\/a>. Tens diverses varietats d\u2019aquest arr\u00f2s <em>ready to eat<\/em>, que nom\u00e9s necessiten 1 minut al microones per estar a punt per a consumir: <a href=\"https:\/\/nomen.es\/ca\/calidad-1-minuto\/arros-rodo-qualitat-1-minut\/\">arr\u00f2s rod\u00f3<\/a>, <a href=\"https:\/\/nomen.es\/ca\/calidad-1-minuto\/arros-basmati-qualitat-1-minut\/\">arr\u00f2s basmati<\/a>, <a href=\"https:\/\/nomen.es\/ca\/calidad-1-minuto\/arros-integral-qualitat-1-minut\/\">arr\u00f2s integral<\/a>, <a href=\"https:\/\/nomen.es\/ca\/calidad-1-minuto\/arros-integral-amb-verdures-i-llavors-qualitat-1-minut\/\">arr\u00f2s integral amb verdures i llavors<\/a>, <a href=\"https:\/\/nomen.es\/ca\/calidad-1-minuto\/arros-integral-amb-quinoa-qualitat-1-minut\/\">arr\u00f2s integral amb quinoa<\/a> i <a href=\"https:\/\/nomen.es\/ca\/calidad-1-minuto\/arros-ecologic-qualitat-1-minut\/\">arr\u00f2s ecol\u00f2gic<\/a>.<\/p>\n<h3>Saltat d\u2019arr\u00f2s amb bolets de temporada, carxofes i salsitxes<\/h3>\n<p>Salta les salsitxes tallades a trossos en una paella. Quan estiguin torrades, enretira-les i reserva-les. Prepara, a la mateixa paella, un sofregit de ceba i all ben picadets. Quan estiguin a punt, afegeix les carxofes (nom\u00e9s els cors, ben nets i tallats a quarts) i, 4 minuts m\u00e9s tard, els bolets de temporada. Quan s\u2019hagi evaporat l\u2019aigua que deixen anar, afegeix el vaset d\u2019arr\u00f2s, pr\u00e8viament escalfat al microones 1 minut. Remena b\u00e9, per a que s\u2019impregni del gust de la resta d\u2019ingredients. Afegeix tamb\u00e9 les salsitxes que havies reservat i&#8230; a taula! Pots acabar el plat amb unes llenques de parmes\u00e0 i unes herbes arom\u00e0tiques.<\/p>\n<h4>Consells pr\u00e0ctics:<\/h4>\n<ul>\n<li>Pots fer servir un preparat per a sofregit si vols estalviar una mica de temps.<\/li>\n<li>Si no trobes bolets frescos, fes servir bolets congelats o en conserva.<\/li>\n<li>Les carxofes tamb\u00e9 poden ser congelades.<\/li>\n<\/ul>\n<h3>Crema de carbassa amb arr\u00f2s, gambes i cigrons cruixents<\/h3>\n<p>Com s\u2019agraeixen els plats de cullera quan comen\u00e7a a fer fred! El que et proposem avui \u00e9s s\u00faper nutritiu i de tardor. Necessitar\u00e0s polpa de carbassa, cuita al forn o bullida. Salta una ceba picada en una cassola amb un parell de cullerades d\u2019oli i, quan comenci a torrar-se, afegeix la polpa de carbassa ja cuita i tallada a trossos. Salta-la una mica, cobreix-la amb brou de verdures o d\u2019au i deixa-la bullir 5 minuts. Despr\u00e9s, tritura-ho tot amb la batedora fins a aconseguir una crema fina i homog\u00e8nia. Abans d\u2019acabar la cocci\u00f3 de la crema, prepara la varietat d\u2019<a href=\"https:\/\/nomen.es\/ca\/productes-nomen\/gamma-qualitat-1-minut\/\">arr\u00f2s Qualitat 1 minut<\/a> que prefereixis al microones i marca unes cues de gambes a la paella. Serveix la crema amb 3 cullerades d\u2019arr\u00f2s al mig, un parell de cues de gamba per persona i uns cigrons cruixents, que es torren al forn amb sal, pebre i pebre vermell, regats amb una mica d\u2019oli d\u2019oliva (60 minuts a 130\u00ba).<\/p>\n<h4>Consells pr\u00e0ctics:<\/h4>\n<ul>\n<li>Si t\u2019agraden els gustos especiats, pots afegir mitja culleradeta de curry en pols a la crema.<\/li>\n<li>No tens temps de preparar els cigrons cruixents? Substitueix-los per uns kikos cruixents, llavors de carbassa torrades (tamb\u00e9 serveixen les de girasol) o ametlles fregides.<\/li>\n<li>Acompanya la crema amb uns daus de pa torrat, que tamb\u00e9 aportaran un toc <em>crunchy<\/em>.<\/li>\n<\/ul>\n<h3>Alberg\u00ednies gratinades farcides d\u2019arr\u00f2s i verdures<\/h3>\n<p>Les verdures es poden cuinar de mil maneres diferents perqu\u00e8 menjar-les no sigui avorrit. Per exemple, farcides i gratinades, com aquestes alberg\u00ednies. Primer les haur\u00e0s de coure lleugerament al forn, tallades per la meitat i amb uns talls a la polpa. Mentrestant, prepara el farcit. Salta les verdures que vulguis, ben picades (pastanaga, ceba o porro, carbass\u00f3, mongetes tendres, p\u00e8sols&#8230;) i barreja-les amb l\u2019arr\u00f2s cuit. Quan les alberg\u00ednies ja estiguin tendres, enretira la polpa amb una cullera (deixant 1 cm de polpa al voltant per a que la \u201cbarqueta\u201d aguanti el farcit) i farceix-les amb el saltat de verdures. Cobreix les alberg\u00ednies amb una bona quantitat de formatge ratllat que fongui b\u00e9 i gratina-les al forn fins que el formatge s\u2019hagi fos i estigui una mica torrat.<\/p>\n<h3>Consells pr\u00e0ctics:<\/h3>\n<ul>\n<li>Si vols convertir aquesta recepta en un plat m\u00e9s complet, afegeix al farcit una mica de carn picada, aix\u00ed tindr\u00e0 tamb\u00e9 prote\u00efnes.<\/li>\n<li>Pots substituir les alberg\u00ednies per carbassons o pebrots, es preparen de la mateixa manera.<\/li>\n<li>Vols un farcit m\u00e9s mel\u00f3s? Afegeix-li una mica de beixamel o de salsa de tom\u00e0quet.<\/li>\n<\/ul>\n","protected":false},"excerpt":{"rendered":"<p>L\u2019arr\u00f2s precuinat de Nomen \u00e9s un recurs pr\u00e0ctic per a estalviar-te temps a la cuina sense renunciar al gust i al menjar saludable. Gr\u00e0cies al seu env\u00e0s de vidre amb sistema de tancat al buit, l\u2019arr\u00f2s conserva tots els seus valors nutricionals i el seu gust original. Per\u00f2 si pensaves que amb l\u2019arr\u00f2s de les [&hellip;]<\/p>\n","protected":false},"author":2,"featured_media":26086,"comment_status":"open","ping_status":"open","sticky":false,"template":"","format":"standard","meta":{"_acf_changed":false,"_et_pb_use_builder":"","_et_pb_old_content":"","_et_gb_content_width":"","inline_featured_image":false,"footnotes":""},"categories":[146,1081],"tags":[],"class_list":["post-26089","post","type-post","status-publish","format-standard","has-post-thumbnail","hentry","category-cuina","category-cocina-ca"],"acf":[],"yoast_head":"<!-- This site is optimized with the Yoast SEO plugin v27.5 - https:\/\/yoast.com\/product\/yoast-seo-wordpress\/ -->\n<title>3 plats \u00fanics calents amb Qualitat 1 minut de Nomen - Nomen<\/title>\n<meta name=\"robots\" content=\"index, follow, max-snippet:-1, max-image-preview:large, max-video-preview:-1\" \/>\n<link rel=\"canonical\" href=\"https:\/\/nomen.es\/ca\/3-plats-unics-calents-amb-qualitat-1-minut-de-nomen\/\" \/>\n<meta property=\"og:locale\" content=\"ca_ES\" \/>\n<meta property=\"og:type\" content=\"article\" \/>\n<meta property=\"og:title\" content=\"3 plats \u00fanics calents amb Qualitat 1 minut de Nomen - Nomen\" \/>\n<meta property=\"og:description\" content=\"L\u2019arr\u00f2s precuinat de Nomen \u00e9s un recurs pr\u00e0ctic per a estalviar-te temps a la cuina sense renunciar al gust i al menjar saludable. Gr\u00e0cies al seu env\u00e0s de vidre amb sistema de tancat al buit, l\u2019arr\u00f2s conserva tots els seus valors nutricionals i el seu gust original. Per\u00f2 si pensaves que amb l\u2019arr\u00f2s de les [&hellip;]\" \/>\n<meta property=\"og:url\" content=\"https:\/\/nomen.es\/ca\/3-plats-unics-calents-amb-qualitat-1-minut-de-nomen\/\" \/>\n<meta property=\"og:site_name\" content=\"Nomen\" \/>\n<meta property=\"article:published_time\" content=\"2023-01-18T07:30:11+00:00\" \/>\n<meta property=\"og:image\" content=\"https:\/\/nomen.es\/wp-content\/uploads\/2023\/01\/arroz-minuto-1.jpg\" \/>\n\t<meta property=\"og:image:width\" content=\"900\" \/>\n\t<meta property=\"og:image:height\" content=\"600\" \/>\n\t<meta property=\"og:image:type\" content=\"image\/jpeg\" \/>\n<meta name=\"author\" content=\"Nomen\" \/>\n<meta name=\"twitter:label1\" content=\"Escrit per\" \/>\n\t<meta name=\"twitter:data1\" content=\"Nomen\" \/>\n\t<meta name=\"twitter:label2\" content=\"Temps estimat de lectura\" \/>\n\t<meta name=\"twitter:data2\" content=\"4 minuts\" \/>\n<script type=\"application\/ld+json\" class=\"yoast-schema-graph\">{\"@context\":\"https:\\\/\\\/schema.org\",\"@graph\":[{\"@type\":\"Article\",\"@id\":\"https:\\\/\\\/nomen.es\\\/ca\\\/3-plats-unics-calents-amb-qualitat-1-minut-de-nomen\\\/#article\",\"isPartOf\":{\"@id\":\"https:\\\/\\\/nomen.es\\\/ca\\\/3-plats-unics-calents-amb-qualitat-1-minut-de-nomen\\\/\"},\"author\":{\"name\":\"Nomen\",\"@id\":\"https:\\\/\\\/nomen.es\\\/#\\\/schema\\\/person\\\/e05dca4ee822516d2b98d8c40d7c7936\"},\"headline\":\"3 plats \u00fanics calents amb Qualitat 1 minut de Nomen\",\"datePublished\":\"2023-01-18T07:30:11+00:00\",\"mainEntityOfPage\":{\"@id\":\"https:\\\/\\\/nomen.es\\\/ca\\\/3-plats-unics-calents-amb-qualitat-1-minut-de-nomen\\\/\"},\"wordCount\":809,\"commentCount\":0,\"image\":{\"@id\":\"https:\\\/\\\/nomen.es\\\/ca\\\/3-plats-unics-calents-amb-qualitat-1-minut-de-nomen\\\/#primaryimage\"},\"thumbnailUrl\":\"https:\\\/\\\/nomen.es\\\/wp-content\\\/uploads\\\/2023\\\/01\\\/arroz-minuto-1.jpg\",\"articleSection\":[\"Cuina\",\"Cocina\"],\"inLanguage\":\"ca\",\"potentialAction\":[{\"@type\":\"CommentAction\",\"name\":\"Comment\",\"target\":[\"https:\\\/\\\/nomen.es\\\/ca\\\/3-plats-unics-calents-amb-qualitat-1-minut-de-nomen\\\/#respond\"]}]},{\"@type\":\"WebPage\",\"@id\":\"https:\\\/\\\/nomen.es\\\/ca\\\/3-plats-unics-calents-amb-qualitat-1-minut-de-nomen\\\/\",\"url\":\"https:\\\/\\\/nomen.es\\\/ca\\\/3-plats-unics-calents-amb-qualitat-1-minut-de-nomen\\\/\",\"name\":\"3 plats \u00fanics calents amb Qualitat 1 minut de Nomen - Nomen\",\"isPartOf\":{\"@id\":\"https:\\\/\\\/nomen.es\\\/#website\"},\"primaryImageOfPage\":{\"@id\":\"https:\\\/\\\/nomen.es\\\/ca\\\/3-plats-unics-calents-amb-qualitat-1-minut-de-nomen\\\/#primaryimage\"},\"image\":{\"@id\":\"https:\\\/\\\/nomen.es\\\/ca\\\/3-plats-unics-calents-amb-qualitat-1-minut-de-nomen\\\/#primaryimage\"},\"thumbnailUrl\":\"https:\\\/\\\/nomen.es\\\/wp-content\\\/uploads\\\/2023\\\/01\\\/arroz-minuto-1.jpg\",\"datePublished\":\"2023-01-18T07:30:11+00:00\",\"author\":{\"@id\":\"https:\\\/\\\/nomen.es\\\/#\\\/schema\\\/person\\\/e05dca4ee822516d2b98d8c40d7c7936\"},\"breadcrumb\":{\"@id\":\"https:\\\/\\\/nomen.es\\\/ca\\\/3-plats-unics-calents-amb-qualitat-1-minut-de-nomen\\\/#breadcrumb\"},\"inLanguage\":\"ca\",\"potentialAction\":[{\"@type\":\"ReadAction\",\"target\":[\"https:\\\/\\\/nomen.es\\\/ca\\\/3-plats-unics-calents-amb-qualitat-1-minut-de-nomen\\\/\"]}]},{\"@type\":\"ImageObject\",\"inLanguage\":\"ca\",\"@id\":\"https:\\\/\\\/nomen.es\\\/ca\\\/3-plats-unics-calents-amb-qualitat-1-minut-de-nomen\\\/#primaryimage\",\"url\":\"https:\\\/\\\/nomen.es\\\/wp-content\\\/uploads\\\/2023\\\/01\\\/arroz-minuto-1.jpg\",\"contentUrl\":\"https:\\\/\\\/nomen.es\\\/wp-content\\\/uploads\\\/2023\\\/01\\\/arroz-minuto-1.jpg\",\"width\":900,\"height\":600},{\"@type\":\"BreadcrumbList\",\"@id\":\"https:\\\/\\\/nomen.es\\\/ca\\\/3-plats-unics-calents-amb-qualitat-1-minut-de-nomen\\\/#breadcrumb\",\"itemListElement\":[{\"@type\":\"ListItem\",\"position\":1,\"name\":\"Portada\",\"item\":\"https:\\\/\\\/nomen.es\\\/ca\\\/\"},{\"@type\":\"ListItem\",\"position\":2,\"name\":\"3 plats \u00fanics calents amb Qualitat 1 minut de Nomen\"}]},{\"@type\":\"WebSite\",\"@id\":\"https:\\\/\\\/nomen.es\\\/#website\",\"url\":\"https:\\\/\\\/nomen.es\\\/\",\"name\":\"Nomen\",\"description\":\"Mucho m\u00e1s que arroz\",\"potentialAction\":[{\"@type\":\"SearchAction\",\"target\":{\"@type\":\"EntryPoint\",\"urlTemplate\":\"https:\\\/\\\/nomen.es\\\/?s={search_term_string}\"},\"query-input\":{\"@type\":\"PropertyValueSpecification\",\"valueRequired\":true,\"valueName\":\"search_term_string\"}}],\"inLanguage\":\"ca\"},{\"@type\":\"Person\",\"@id\":\"https:\\\/\\\/nomen.es\\\/#\\\/schema\\\/person\\\/e05dca4ee822516d2b98d8c40d7c7936\",\"name\":\"Nomen\",\"image\":{\"@type\":\"ImageObject\",\"inLanguage\":\"ca\",\"@id\":\"https:\\\/\\\/secure.gravatar.com\\\/avatar\\\/9706332b7e0d915e91c32e7737d8b5aea989a8aa0f5a11d27cdf2acb64563170?s=96&d=mm&r=g\",\"url\":\"https:\\\/\\\/secure.gravatar.com\\\/avatar\\\/9706332b7e0d915e91c32e7737d8b5aea989a8aa0f5a11d27cdf2acb64563170?s=96&d=mm&r=g\",\"contentUrl\":\"https:\\\/\\\/secure.gravatar.com\\\/avatar\\\/9706332b7e0d915e91c32e7737d8b5aea989a8aa0f5a11d27cdf2acb64563170?s=96&d=mm&r=g\",\"caption\":\"Nomen\"}}]}<\/script>\n<!-- \/ Yoast SEO plugin. -->","yoast_head_json":{"title":"3 plats \u00fanics calents amb Qualitat 1 minut de Nomen - Nomen","robots":{"index":"index","follow":"follow","max-snippet":"max-snippet:-1","max-image-preview":"max-image-preview:large","max-video-preview":"max-video-preview:-1"},"canonical":"https:\/\/nomen.es\/ca\/3-plats-unics-calents-amb-qualitat-1-minut-de-nomen\/","og_locale":"ca_ES","og_type":"article","og_title":"3 plats \u00fanics calents amb Qualitat 1 minut de Nomen - Nomen","og_description":"L\u2019arr\u00f2s precuinat de Nomen \u00e9s un recurs pr\u00e0ctic per a estalviar-te temps a la cuina sense renunciar al gust i al menjar saludable. Gr\u00e0cies al seu env\u00e0s de vidre amb sistema de tancat al buit, l\u2019arr\u00f2s conserva tots els seus valors nutricionals i el seu gust original. Per\u00f2 si pensaves que amb l\u2019arr\u00f2s de les [&hellip;]","og_url":"https:\/\/nomen.es\/ca\/3-plats-unics-calents-amb-qualitat-1-minut-de-nomen\/","og_site_name":"Nomen","article_published_time":"2023-01-18T07:30:11+00:00","og_image":[{"width":900,"height":600,"url":"https:\/\/nomen.es\/wp-content\/uploads\/2023\/01\/arroz-minuto-1.jpg","type":"image\/jpeg"}],"author":"Nomen","twitter_misc":{"Escrit per":"Nomen","Temps estimat de lectura":"4 minuts"},"schema":{"@context":"https:\/\/schema.org","@graph":[{"@type":"Article","@id":"https:\/\/nomen.es\/ca\/3-plats-unics-calents-amb-qualitat-1-minut-de-nomen\/#article","isPartOf":{"@id":"https:\/\/nomen.es\/ca\/3-plats-unics-calents-amb-qualitat-1-minut-de-nomen\/"},"author":{"name":"Nomen","@id":"https:\/\/nomen.es\/#\/schema\/person\/e05dca4ee822516d2b98d8c40d7c7936"},"headline":"3 plats \u00fanics calents amb Qualitat 1 minut de Nomen","datePublished":"2023-01-18T07:30:11+00:00","mainEntityOfPage":{"@id":"https:\/\/nomen.es\/ca\/3-plats-unics-calents-amb-qualitat-1-minut-de-nomen\/"},"wordCount":809,"commentCount":0,"image":{"@id":"https:\/\/nomen.es\/ca\/3-plats-unics-calents-amb-qualitat-1-minut-de-nomen\/#primaryimage"},"thumbnailUrl":"https:\/\/nomen.es\/wp-content\/uploads\/2023\/01\/arroz-minuto-1.jpg","articleSection":["Cuina","Cocina"],"inLanguage":"ca","potentialAction":[{"@type":"CommentAction","name":"Comment","target":["https:\/\/nomen.es\/ca\/3-plats-unics-calents-amb-qualitat-1-minut-de-nomen\/#respond"]}]},{"@type":"WebPage","@id":"https:\/\/nomen.es\/ca\/3-plats-unics-calents-amb-qualitat-1-minut-de-nomen\/","url":"https:\/\/nomen.es\/ca\/3-plats-unics-calents-amb-qualitat-1-minut-de-nomen\/","name":"3 plats \u00fanics calents amb Qualitat 1 minut de Nomen - Nomen","isPartOf":{"@id":"https:\/\/nomen.es\/#website"},"primaryImageOfPage":{"@id":"https:\/\/nomen.es\/ca\/3-plats-unics-calents-amb-qualitat-1-minut-de-nomen\/#primaryimage"},"image":{"@id":"https:\/\/nomen.es\/ca\/3-plats-unics-calents-amb-qualitat-1-minut-de-nomen\/#primaryimage"},"thumbnailUrl":"https:\/\/nomen.es\/wp-content\/uploads\/2023\/01\/arroz-minuto-1.jpg","datePublished":"2023-01-18T07:30:11+00:00","author":{"@id":"https:\/\/nomen.es\/#\/schema\/person\/e05dca4ee822516d2b98d8c40d7c7936"},"breadcrumb":{"@id":"https:\/\/nomen.es\/ca\/3-plats-unics-calents-amb-qualitat-1-minut-de-nomen\/#breadcrumb"},"inLanguage":"ca","potentialAction":[{"@type":"ReadAction","target":["https:\/\/nomen.es\/ca\/3-plats-unics-calents-amb-qualitat-1-minut-de-nomen\/"]}]},{"@type":"ImageObject","inLanguage":"ca","@id":"https:\/\/nomen.es\/ca\/3-plats-unics-calents-amb-qualitat-1-minut-de-nomen\/#primaryimage","url":"https:\/\/nomen.es\/wp-content\/uploads\/2023\/01\/arroz-minuto-1.jpg","contentUrl":"https:\/\/nomen.es\/wp-content\/uploads\/2023\/01\/arroz-minuto-1.jpg","width":900,"height":600},{"@type":"BreadcrumbList","@id":"https:\/\/nomen.es\/ca\/3-plats-unics-calents-amb-qualitat-1-minut-de-nomen\/#breadcrumb","itemListElement":[{"@type":"ListItem","position":1,"name":"Portada","item":"https:\/\/nomen.es\/ca\/"},{"@type":"ListItem","position":2,"name":"3 plats \u00fanics calents amb Qualitat 1 minut de Nomen"}]},{"@type":"WebSite","@id":"https:\/\/nomen.es\/#website","url":"https:\/\/nomen.es\/","name":"Nomen","description":"Mucho m\u00e1s que arroz","potentialAction":[{"@type":"SearchAction","target":{"@type":"EntryPoint","urlTemplate":"https:\/\/nomen.es\/?s={search_term_string}"},"query-input":{"@type":"PropertyValueSpecification","valueRequired":true,"valueName":"search_term_string"}}],"inLanguage":"ca"},{"@type":"Person","@id":"https:\/\/nomen.es\/#\/schema\/person\/e05dca4ee822516d2b98d8c40d7c7936","name":"Nomen","image":{"@type":"ImageObject","inLanguage":"ca","@id":"https:\/\/secure.gravatar.com\/avatar\/9706332b7e0d915e91c32e7737d8b5aea989a8aa0f5a11d27cdf2acb64563170?s=96&d=mm&r=g","url":"https:\/\/secure.gravatar.com\/avatar\/9706332b7e0d915e91c32e7737d8b5aea989a8aa0f5a11d27cdf2acb64563170?s=96&d=mm&r=g","contentUrl":"https:\/\/secure.gravatar.com\/avatar\/9706332b7e0d915e91c32e7737d8b5aea989a8aa0f5a11d27cdf2acb64563170?s=96&d=mm&r=g","caption":"Nomen"}}]}},"_links":{"self":[{"href":"https:\/\/nomen.es\/ca\/wp-json\/wp\/v2\/posts\/26089","targetHints":{"allow":["GET"]}}],"collection":[{"href":"https:\/\/nomen.es\/ca\/wp-json\/wp\/v2\/posts"}],"about":[{"href":"https:\/\/nomen.es\/ca\/wp-json\/wp\/v2\/types\/post"}],"author":[{"embeddable":true,"href":"https:\/\/nomen.es\/ca\/wp-json\/wp\/v2\/users\/2"}],"replies":[{"embeddable":true,"href":"https:\/\/nomen.es\/ca\/wp-json\/wp\/v2\/comments?post=26089"}],"version-history":[{"count":0,"href":"https:\/\/nomen.es\/ca\/wp-json\/wp\/v2\/posts\/26089\/revisions"}],"wp:featuredmedia":[{"embeddable":true,"href":"https:\/\/nomen.es\/ca\/wp-json\/wp\/v2\/media\/26086"}],"wp:attachment":[{"href":"https:\/\/nomen.es\/ca\/wp-json\/wp\/v2\/media?parent=26089"}],"wp:term":[{"taxonomy":"category","embeddable":true,"href":"https:\/\/nomen.es\/ca\/wp-json\/wp\/v2\/categories?post=26089"},{"taxonomy":"post_tag","embeddable":true,"href":"https:\/\/nomen.es\/ca\/wp-json\/wp\/v2\/tags?post=26089"}],"curies":[{"name":"wp","href":"https:\/\/api.w.org\/{rel}","templated":true}]}}