{"id":28388,"date":"2023-03-15T08:41:15","date_gmt":"2023-03-15T07:41:15","guid":{"rendered":"https:\/\/nomen.es\/?p=28388"},"modified":"2023-04-12T09:33:13","modified_gmt":"2023-04-12T07:33:13","slug":"receptes-5-aperitius-per-a-servir-en-el-nostre-vaset","status":"publish","type":"post","link":"https:\/\/nomen.es\/ca\/receptes-5-aperitius-per-a-servir-en-el-nostre-vaset\/","title":{"rendered":"Receptes: 5 aperitius per a servir en el nostre vaset"},"content":{"rendered":"<p><strong>Els vasets de vidre de Nomen Qualitat 1 Minut<\/strong> s\u00f3n el recipient perfecte per a servir els aperitius d\u2019un dinar o d\u2019un sopar especial.<\/p>\n<p>El seu disseny en vidre transparent permet veure el contingut i <strong>serveixen tant si prepares aperitius freds com calents<\/strong>, doncs pots reservar-los a la nevera fins al moment de servir i escalfar-los al microones per a portar-los a taula a la temperatura ideal.<\/p>\n<p>En aquest post et proposem <strong>5 idees de receptes f\u00e0cils<\/strong> per a servir en els vasets de vidre de Nomen Qualitat 1 Minut. Ens acompanyes?<\/p>\n<h2>1. Crema de patata amb pop<\/h2>\n<p>\u00c9s una <strong>variaci\u00f3 del cl\u00e0ssic pop a la gallega<\/strong>, que se sol servir en un plat de fusta, amb una base de patata cuita a l\u00e0mines i amb les rodanxes de pop a sobre.<\/p>\n<p>La nostra proposta consisteix a preparar una crema amb la patata i servir-la en vasets amb les rodanxes del pop cuit marcat a la paella en la part superior.<\/p>\n<p><strong>Per a la crema de patates<\/strong>, haur\u00e0s de saltejar una ceba picada en un fons d\u2019oli, afegir-hi les patates tallades a trossos, cobrir amb aigua o caldo de verdures i coure fins que les patates s\u2019estovin. Despr\u00e9s, s\u2019escorren, s\u2019hi afegeix mantega i crema de llet i es barregen fins a obtenir la textura desitjada.<\/p>\n<p>Si queda massa espessa, <strong>pots afegir-hi una mica d\u2019aigua de cocci\u00f3<\/strong> de les patates. Despr\u00e9s de posar el pop sobre la crema de patata, espolsa una mica de pebre vermell, negre o tots dos.<\/p>\n<h2>2. T\u00e0rtar de salm\u00f3<\/h2>\n<p>El t\u00e0rtar \u00e9s un plat f\u00e0cil de preparar que, a m\u00e9s, no necessita cocci\u00f3. \u00c9s una recepta amb pocs ingredients, per\u00f2 <strong>\u00e9s important que el salm\u00f3 sigui ben fresc<\/strong> i els alvocats tinguin el punt \u00f2ptim de maduraci\u00f3.<\/p>\n<p>Et recomanem que <strong>congelis el salm\u00f3 fresc<\/strong> (per a evitar l\u2019anisakis) i el deixis descongelar a la nevera unes hores abans de preparar el t\u00e0rtar. Despr\u00e9s, talla\u2019l a daus petits i marina\u2019l 30 minuts en salsa de soja amb unes gotes d\u2019oli de s\u00e8sam. Posa a la base del vaset una capa d\u2019alvocat tallat petit i, a sobre, el salm\u00f3 marinat. Amaneix amb una mica de marinada i decora amb uns brots tendres, unes llavors de s\u00e8sam\u2026<\/p>\n<p>Si vols completar el plat, tamb\u00e9 hi pots afegir una capa d\u2019arr\u00f2s. Tria qualsevol varietat de <a href=\"https:\/\/nomen.es\/ca\/nomen-qualitat-1-minut\/\">Qualitat 1 Minut de Nomen<\/a> i serveix el t\u00e0rtar en el seu vaset!<\/p>\n<h2>3. Amanida d\u2019arr\u00f2s, ruca i feta<\/h2>\n<p>Les amanides queden espectaculars en els vasets de vidre si hi poses una capa de cada ingredient, combinant ingredients de colors que contrastin. La que et proposem avui \u00e9s f\u00e0cil de fer i es fa amb <a href=\"https:\/\/nomen.es\/ca\/calidad-1-minuto\/arros-basmati-qualitat-1-minut\/\">arr\u00f2s basmati<\/a>, ruca, formatge feta i figues. Figues al mar\u00e7? S\u00ed, perqu\u00e8 encara que <a href=\"https:\/\/nomen.es\/ca\/recepta\/amanida-ruca-figues-feta\/\">la recepta original<\/a> es faci amb figues fresques, quan no \u00e9s la temporada de figues, es pot fer amb figues en conserva. O si ho prefereixes, sempre pots substituir les figues per una fruita de temporada, com la poma o la pera, o fins i tot, la taronja o la mandarina. Aquesta amanida es pot preparar amb antelaci\u00f3, guardar-la a la nevera amb els vasets de vidre, i amanir-la amb una bona vinagreta just abans de servir-la per tal que la ruca no es posi m\u00fastia.<\/p>\n<h2>4. Brandada de bacall\u00e0<\/h2>\n<p>La brandada \u00e9s una recepta de bacall\u00e0 senzilla i molt saborosa que has de tastar. Es prepara amb bacall\u00e0 dessalat, all i oli d\u2019oliva que despr\u00e9s s\u2019emulsionen fins a obtenir una crema per untar.<\/p>\n<p>Primer sofregeix els alls laminats a la paella amb un fons d\u2019oli i en acabat, afegeix el bacall\u00e0 trossejat, deixant-lo 2 o 3 minuts (es cuina de seguida). Cola l\u2019all i el bacall\u00e0, els aixafes amb una forquilla i ves afegint-hi un fil d\u2019oli de cocci\u00f3 mentre remenes amb unes varetes fins a aconseguir una crema. Tamb\u00e9 hi pots afegir una patata bullida: quedar\u00e0 una brandada m\u00e9s espessa.<\/p>\n<p>Serveix la brandada en els vasets de vidre de <a href=\"https:\/\/nomen.es\/ca\/productes-nomen\/gamma-qualitat-1-minut\/\">Qualitat un Minut de Nomen<\/a>, acompanyada d\u2019unes torrades de pa. Si s\u00f3n casolanes, millor.<\/p>\n<h2>5. Risotto extra r\u00e0pid<\/h2>\n<p>Els aperitius calents s\u00f3n tot un \u00e8xit. Entre altres opcions, un <a href=\"https:\/\/nomen.es\/ca\/risotto-diumenge\/\">risotto<\/a> sempre queda b\u00e9. I si \u00e9s de Nomen, ben segur que quedar\u00e0 b\u00e9.<\/p>\n<p>Per tal que no hagis d\u2019invertir temps a anar a la compra i cuinar, et proposem preparar un <a href=\"https:\/\/nomen.es\/ca\/a-la-carta\/risotto-de-ceps\/\">risotto de ceps<\/a>, que tindr\u00e0s llest en nom\u00e9s 15 minuts.<\/p>\n<p>\u00c9s un dels plats preparats de Nomen, que inclou els millors ingredients per tal que tu nom\u00e9s hagis de posar-lo a una cassola i seguir les senzilles instruccions de l\u2019env\u00e0s.<\/p>\n","protected":false},"excerpt":{"rendered":"<p>Els vasets de vidre de Nomen Qualitat 1 Minut s\u00f3n el recipient perfecte per a servir els aperitius d\u2019un dinar o d\u2019un sopar especial. El seu disseny en vidre transparent permet veure el contingut i serveixen tant si prepares aperitius freds com calents, doncs pots reservar-los a la nevera fins al moment de servir i [&hellip;]<\/p>\n","protected":false},"author":2,"featured_media":28512,"comment_status":"open","ping_status":"open","sticky":false,"template":"","format":"standard","meta":{"_acf_changed":false,"_et_pb_use_builder":"","_et_pb_old_content":"","_et_gb_content_width":"","inline_featured_image":false,"footnotes":""},"categories":[146,1081],"tags":[],"class_list":["post-28388","post","type-post","status-publish","format-standard","has-post-thumbnail","hentry","category-cuina","category-cocina-ca"],"acf":[],"yoast_head":"<!-- This site is optimized with the Yoast SEO plugin v27.4 - https:\/\/yoast.com\/product\/yoast-seo-wordpress\/ -->\n<title>Receptes: 5 aperitius per a servir en el nostre vaset - Nomen<\/title>\n<meta name=\"robots\" content=\"index, follow, max-snippet:-1, max-image-preview:large, max-video-preview:-1\" \/>\n<link rel=\"canonical\" href=\"https:\/\/nomen.es\/ca\/receptes-5-aperitius-per-a-servir-en-el-nostre-vaset\/\" \/>\n<meta property=\"og:locale\" content=\"ca_ES\" \/>\n<meta property=\"og:type\" content=\"article\" \/>\n<meta property=\"og:title\" content=\"Receptes: 5 aperitius per a servir en el nostre vaset - Nomen\" \/>\n<meta property=\"og:description\" content=\"Els vasets de vidre de Nomen Qualitat 1 Minut s\u00f3n el recipient perfecte per a servir els aperitius d\u2019un dinar o d\u2019un sopar especial. El seu disseny en vidre transparent permet veure el contingut i serveixen tant si prepares aperitius freds com calents, doncs pots reservar-los a la nevera fins al moment de servir i [&hellip;]\" \/>\n<meta property=\"og:url\" content=\"https:\/\/nomen.es\/ca\/receptes-5-aperitius-per-a-servir-en-el-nostre-vaset\/\" \/>\n<meta property=\"og:site_name\" content=\"Nomen\" \/>\n<meta property=\"article:published_time\" content=\"2023-03-15T07:41:15+00:00\" \/>\n<meta property=\"article:modified_time\" content=\"2023-04-12T07:33:13+00:00\" \/>\n<meta property=\"og:image\" content=\"https:\/\/nomen.es\/wp-content\/uploads\/2023\/03\/aperitivos-vasitos-C1M.jpg\" \/>\n\t<meta property=\"og:image:width\" content=\"900\" \/>\n\t<meta property=\"og:image:height\" content=\"600\" \/>\n\t<meta property=\"og:image:type\" content=\"image\/jpeg\" \/>\n<meta name=\"author\" content=\"Nomen\" \/>\n<meta name=\"twitter:label1\" content=\"Escrit per\" \/>\n\t<meta name=\"twitter:data1\" content=\"Nomen\" \/>\n\t<meta name=\"twitter:label2\" content=\"Temps estimat de lectura\" \/>\n\t<meta name=\"twitter:data2\" content=\"4 minuts\" \/>\n<script type=\"application\/ld+json\" class=\"yoast-schema-graph\">{\"@context\":\"https:\\\/\\\/schema.org\",\"@graph\":[{\"@type\":\"Article\",\"@id\":\"https:\\\/\\\/nomen.es\\\/ca\\\/receptes-5-aperitius-per-a-servir-en-el-nostre-vaset\\\/#article\",\"isPartOf\":{\"@id\":\"https:\\\/\\\/nomen.es\\\/ca\\\/receptes-5-aperitius-per-a-servir-en-el-nostre-vaset\\\/\"},\"author\":{\"name\":\"Nomen\",\"@id\":\"https:\\\/\\\/nomen.es\\\/#\\\/schema\\\/person\\\/e05dca4ee822516d2b98d8c40d7c7936\"},\"headline\":\"Receptes: 5 aperitius per a servir en el nostre vaset\",\"datePublished\":\"2023-03-15T07:41:15+00:00\",\"dateModified\":\"2023-04-12T07:33:13+00:00\",\"mainEntityOfPage\":{\"@id\":\"https:\\\/\\\/nomen.es\\\/ca\\\/receptes-5-aperitius-per-a-servir-en-el-nostre-vaset\\\/\"},\"wordCount\":803,\"commentCount\":0,\"image\":{\"@id\":\"https:\\\/\\\/nomen.es\\\/ca\\\/receptes-5-aperitius-per-a-servir-en-el-nostre-vaset\\\/#primaryimage\"},\"thumbnailUrl\":\"https:\\\/\\\/nomen.es\\\/wp-content\\\/uploads\\\/2023\\\/03\\\/aperitivos-vasitos-C1M.jpg\",\"articleSection\":[\"Cuina\",\"Cocina\"],\"inLanguage\":\"ca\",\"potentialAction\":[{\"@type\":\"CommentAction\",\"name\":\"Comment\",\"target\":[\"https:\\\/\\\/nomen.es\\\/ca\\\/receptes-5-aperitius-per-a-servir-en-el-nostre-vaset\\\/#respond\"]}]},{\"@type\":\"WebPage\",\"@id\":\"https:\\\/\\\/nomen.es\\\/ca\\\/receptes-5-aperitius-per-a-servir-en-el-nostre-vaset\\\/\",\"url\":\"https:\\\/\\\/nomen.es\\\/ca\\\/receptes-5-aperitius-per-a-servir-en-el-nostre-vaset\\\/\",\"name\":\"Receptes: 5 aperitius per a servir en el nostre vaset - Nomen\",\"isPartOf\":{\"@id\":\"https:\\\/\\\/nomen.es\\\/#website\"},\"primaryImageOfPage\":{\"@id\":\"https:\\\/\\\/nomen.es\\\/ca\\\/receptes-5-aperitius-per-a-servir-en-el-nostre-vaset\\\/#primaryimage\"},\"image\":{\"@id\":\"https:\\\/\\\/nomen.es\\\/ca\\\/receptes-5-aperitius-per-a-servir-en-el-nostre-vaset\\\/#primaryimage\"},\"thumbnailUrl\":\"https:\\\/\\\/nomen.es\\\/wp-content\\\/uploads\\\/2023\\\/03\\\/aperitivos-vasitos-C1M.jpg\",\"datePublished\":\"2023-03-15T07:41:15+00:00\",\"dateModified\":\"2023-04-12T07:33:13+00:00\",\"author\":{\"@id\":\"https:\\\/\\\/nomen.es\\\/#\\\/schema\\\/person\\\/e05dca4ee822516d2b98d8c40d7c7936\"},\"breadcrumb\":{\"@id\":\"https:\\\/\\\/nomen.es\\\/ca\\\/receptes-5-aperitius-per-a-servir-en-el-nostre-vaset\\\/#breadcrumb\"},\"inLanguage\":\"ca\",\"potentialAction\":[{\"@type\":\"ReadAction\",\"target\":[\"https:\\\/\\\/nomen.es\\\/ca\\\/receptes-5-aperitius-per-a-servir-en-el-nostre-vaset\\\/\"]}]},{\"@type\":\"ImageObject\",\"inLanguage\":\"ca\",\"@id\":\"https:\\\/\\\/nomen.es\\\/ca\\\/receptes-5-aperitius-per-a-servir-en-el-nostre-vaset\\\/#primaryimage\",\"url\":\"https:\\\/\\\/nomen.es\\\/wp-content\\\/uploads\\\/2023\\\/03\\\/aperitivos-vasitos-C1M.jpg\",\"contentUrl\":\"https:\\\/\\\/nomen.es\\\/wp-content\\\/uploads\\\/2023\\\/03\\\/aperitivos-vasitos-C1M.jpg\",\"width\":900,\"height\":600},{\"@type\":\"BreadcrumbList\",\"@id\":\"https:\\\/\\\/nomen.es\\\/ca\\\/receptes-5-aperitius-per-a-servir-en-el-nostre-vaset\\\/#breadcrumb\",\"itemListElement\":[{\"@type\":\"ListItem\",\"position\":1,\"name\":\"Portada\",\"item\":\"https:\\\/\\\/nomen.es\\\/ca\\\/\"},{\"@type\":\"ListItem\",\"position\":2,\"name\":\"Receptes: 5 aperitius per a servir en el nostre vaset\"}]},{\"@type\":\"WebSite\",\"@id\":\"https:\\\/\\\/nomen.es\\\/#website\",\"url\":\"https:\\\/\\\/nomen.es\\\/\",\"name\":\"Nomen\",\"description\":\"Mucho m\u00e1s que arroz\",\"potentialAction\":[{\"@type\":\"SearchAction\",\"target\":{\"@type\":\"EntryPoint\",\"urlTemplate\":\"https:\\\/\\\/nomen.es\\\/?s={search_term_string}\"},\"query-input\":{\"@type\":\"PropertyValueSpecification\",\"valueRequired\":true,\"valueName\":\"search_term_string\"}}],\"inLanguage\":\"ca\"},{\"@type\":\"Person\",\"@id\":\"https:\\\/\\\/nomen.es\\\/#\\\/schema\\\/person\\\/e05dca4ee822516d2b98d8c40d7c7936\",\"name\":\"Nomen\",\"image\":{\"@type\":\"ImageObject\",\"inLanguage\":\"ca\",\"@id\":\"https:\\\/\\\/secure.gravatar.com\\\/avatar\\\/9706332b7e0d915e91c32e7737d8b5aea989a8aa0f5a11d27cdf2acb64563170?s=96&d=mm&r=g\",\"url\":\"https:\\\/\\\/secure.gravatar.com\\\/avatar\\\/9706332b7e0d915e91c32e7737d8b5aea989a8aa0f5a11d27cdf2acb64563170?s=96&d=mm&r=g\",\"contentUrl\":\"https:\\\/\\\/secure.gravatar.com\\\/avatar\\\/9706332b7e0d915e91c32e7737d8b5aea989a8aa0f5a11d27cdf2acb64563170?s=96&d=mm&r=g\",\"caption\":\"Nomen\"}}]}<\/script>\n<!-- \/ Yoast SEO plugin. -->","yoast_head_json":{"title":"Receptes: 5 aperitius per a servir en el nostre vaset - Nomen","robots":{"index":"index","follow":"follow","max-snippet":"max-snippet:-1","max-image-preview":"max-image-preview:large","max-video-preview":"max-video-preview:-1"},"canonical":"https:\/\/nomen.es\/ca\/receptes-5-aperitius-per-a-servir-en-el-nostre-vaset\/","og_locale":"ca_ES","og_type":"article","og_title":"Receptes: 5 aperitius per a servir en el nostre vaset - Nomen","og_description":"Els vasets de vidre de Nomen Qualitat 1 Minut s\u00f3n el recipient perfecte per a servir els aperitius d\u2019un dinar o d\u2019un sopar especial. El seu disseny en vidre transparent permet veure el contingut i serveixen tant si prepares aperitius freds com calents, doncs pots reservar-los a la nevera fins al moment de servir i [&hellip;]","og_url":"https:\/\/nomen.es\/ca\/receptes-5-aperitius-per-a-servir-en-el-nostre-vaset\/","og_site_name":"Nomen","article_published_time":"2023-03-15T07:41:15+00:00","article_modified_time":"2023-04-12T07:33:13+00:00","og_image":[{"width":900,"height":600,"url":"https:\/\/nomen.es\/wp-content\/uploads\/2023\/03\/aperitivos-vasitos-C1M.jpg","type":"image\/jpeg"}],"author":"Nomen","twitter_misc":{"Escrit per":"Nomen","Temps estimat de lectura":"4 minuts"},"schema":{"@context":"https:\/\/schema.org","@graph":[{"@type":"Article","@id":"https:\/\/nomen.es\/ca\/receptes-5-aperitius-per-a-servir-en-el-nostre-vaset\/#article","isPartOf":{"@id":"https:\/\/nomen.es\/ca\/receptes-5-aperitius-per-a-servir-en-el-nostre-vaset\/"},"author":{"name":"Nomen","@id":"https:\/\/nomen.es\/#\/schema\/person\/e05dca4ee822516d2b98d8c40d7c7936"},"headline":"Receptes: 5 aperitius per a servir en el nostre vaset","datePublished":"2023-03-15T07:41:15+00:00","dateModified":"2023-04-12T07:33:13+00:00","mainEntityOfPage":{"@id":"https:\/\/nomen.es\/ca\/receptes-5-aperitius-per-a-servir-en-el-nostre-vaset\/"},"wordCount":803,"commentCount":0,"image":{"@id":"https:\/\/nomen.es\/ca\/receptes-5-aperitius-per-a-servir-en-el-nostre-vaset\/#primaryimage"},"thumbnailUrl":"https:\/\/nomen.es\/wp-content\/uploads\/2023\/03\/aperitivos-vasitos-C1M.jpg","articleSection":["Cuina","Cocina"],"inLanguage":"ca","potentialAction":[{"@type":"CommentAction","name":"Comment","target":["https:\/\/nomen.es\/ca\/receptes-5-aperitius-per-a-servir-en-el-nostre-vaset\/#respond"]}]},{"@type":"WebPage","@id":"https:\/\/nomen.es\/ca\/receptes-5-aperitius-per-a-servir-en-el-nostre-vaset\/","url":"https:\/\/nomen.es\/ca\/receptes-5-aperitius-per-a-servir-en-el-nostre-vaset\/","name":"Receptes: 5 aperitius per a servir en el nostre vaset - Nomen","isPartOf":{"@id":"https:\/\/nomen.es\/#website"},"primaryImageOfPage":{"@id":"https:\/\/nomen.es\/ca\/receptes-5-aperitius-per-a-servir-en-el-nostre-vaset\/#primaryimage"},"image":{"@id":"https:\/\/nomen.es\/ca\/receptes-5-aperitius-per-a-servir-en-el-nostre-vaset\/#primaryimage"},"thumbnailUrl":"https:\/\/nomen.es\/wp-content\/uploads\/2023\/03\/aperitivos-vasitos-C1M.jpg","datePublished":"2023-03-15T07:41:15+00:00","dateModified":"2023-04-12T07:33:13+00:00","author":{"@id":"https:\/\/nomen.es\/#\/schema\/person\/e05dca4ee822516d2b98d8c40d7c7936"},"breadcrumb":{"@id":"https:\/\/nomen.es\/ca\/receptes-5-aperitius-per-a-servir-en-el-nostre-vaset\/#breadcrumb"},"inLanguage":"ca","potentialAction":[{"@type":"ReadAction","target":["https:\/\/nomen.es\/ca\/receptes-5-aperitius-per-a-servir-en-el-nostre-vaset\/"]}]},{"@type":"ImageObject","inLanguage":"ca","@id":"https:\/\/nomen.es\/ca\/receptes-5-aperitius-per-a-servir-en-el-nostre-vaset\/#primaryimage","url":"https:\/\/nomen.es\/wp-content\/uploads\/2023\/03\/aperitivos-vasitos-C1M.jpg","contentUrl":"https:\/\/nomen.es\/wp-content\/uploads\/2023\/03\/aperitivos-vasitos-C1M.jpg","width":900,"height":600},{"@type":"BreadcrumbList","@id":"https:\/\/nomen.es\/ca\/receptes-5-aperitius-per-a-servir-en-el-nostre-vaset\/#breadcrumb","itemListElement":[{"@type":"ListItem","position":1,"name":"Portada","item":"https:\/\/nomen.es\/ca\/"},{"@type":"ListItem","position":2,"name":"Receptes: 5 aperitius per a servir en el nostre vaset"}]},{"@type":"WebSite","@id":"https:\/\/nomen.es\/#website","url":"https:\/\/nomen.es\/","name":"Nomen","description":"Mucho m\u00e1s que arroz","potentialAction":[{"@type":"SearchAction","target":{"@type":"EntryPoint","urlTemplate":"https:\/\/nomen.es\/?s={search_term_string}"},"query-input":{"@type":"PropertyValueSpecification","valueRequired":true,"valueName":"search_term_string"}}],"inLanguage":"ca"},{"@type":"Person","@id":"https:\/\/nomen.es\/#\/schema\/person\/e05dca4ee822516d2b98d8c40d7c7936","name":"Nomen","image":{"@type":"ImageObject","inLanguage":"ca","@id":"https:\/\/secure.gravatar.com\/avatar\/9706332b7e0d915e91c32e7737d8b5aea989a8aa0f5a11d27cdf2acb64563170?s=96&d=mm&r=g","url":"https:\/\/secure.gravatar.com\/avatar\/9706332b7e0d915e91c32e7737d8b5aea989a8aa0f5a11d27cdf2acb64563170?s=96&d=mm&r=g","contentUrl":"https:\/\/secure.gravatar.com\/avatar\/9706332b7e0d915e91c32e7737d8b5aea989a8aa0f5a11d27cdf2acb64563170?s=96&d=mm&r=g","caption":"Nomen"}}]}},"_links":{"self":[{"href":"https:\/\/nomen.es\/ca\/wp-json\/wp\/v2\/posts\/28388","targetHints":{"allow":["GET"]}}],"collection":[{"href":"https:\/\/nomen.es\/ca\/wp-json\/wp\/v2\/posts"}],"about":[{"href":"https:\/\/nomen.es\/ca\/wp-json\/wp\/v2\/types\/post"}],"author":[{"embeddable":true,"href":"https:\/\/nomen.es\/ca\/wp-json\/wp\/v2\/users\/2"}],"replies":[{"embeddable":true,"href":"https:\/\/nomen.es\/ca\/wp-json\/wp\/v2\/comments?post=28388"}],"version-history":[{"count":0,"href":"https:\/\/nomen.es\/ca\/wp-json\/wp\/v2\/posts\/28388\/revisions"}],"wp:featuredmedia":[{"embeddable":true,"href":"https:\/\/nomen.es\/ca\/wp-json\/wp\/v2\/media\/28512"}],"wp:attachment":[{"href":"https:\/\/nomen.es\/ca\/wp-json\/wp\/v2\/media?parent=28388"}],"wp:term":[{"taxonomy":"category","embeddable":true,"href":"https:\/\/nomen.es\/ca\/wp-json\/wp\/v2\/categories?post=28388"},{"taxonomy":"post_tag","embeddable":true,"href":"https:\/\/nomen.es\/ca\/wp-json\/wp\/v2\/tags?post=28388"}],"curies":[{"name":"wp","href":"https:\/\/api.w.org\/{rel}","templated":true}]}}