{"id":3063,"date":"2017-07-24T08:38:45","date_gmt":"2017-07-24T07:38:45","guid":{"rendered":"https:\/\/nomen.es\/?p=3063\/"},"modified":"2017-07-24T08:38:45","modified_gmt":"2017-07-24T07:38:45","slug":"celebra-dia-internacional-lamistat","status":"publish","type":"post","link":"https:\/\/nomen.es\/ca\/celebra-dia-internacional-lamistat\/","title":{"rendered":"Celebra el Dia Internacional de l&#8217;Amistat!"},"content":{"rendered":"<p>El 20 de juliol se celebra el Dia Internacional de l&#8217;Amistat. Els amics s\u00f3n la fam\u00edlia que un escull, per aix\u00f2, et proposem celebrar aquest dia amb un delici\u00f3s sopar a casa i sorprendre&#8217;ls a tots. T&#8217;animes? A continuaci\u00f3, et presentem algunes idees, segueix llegint.<\/p>\n<h3 style=\"padding-left: 30px;\"><strong>1. Rotllets de salm\u00f3<\/strong><\/h3>\n<h4 style=\"padding-left: 30px;\"><strong>Ingredients<\/strong><\/h4>\n<p style=\"padding-left: 30px;\">6 talls de salm\u00f3 fumat, 100g de formatge per untar, 50g de nous, cibulet i pebre.<\/p>\n<h4 style=\"padding-left: 30px;\"><strong>Elaboraci\u00f3<\/strong><\/h4>\n<p style=\"padding-left: 30px;\">Pica les nous i barreja amb el formatge per untar. Afegeix una mica de pebre i barreja una altra vegada. Est\u00e9n un tall de salm\u00f3 fumat, i, en un extrem, col\u00b7loca la barreja de formatge amb nous. Enrotlla el salm\u00f3 i afegeix una mica de cibulet a sobre. Llest!<\/p>\n<h3 style=\"padding-left: 30px;\"><strong>2. Torrades de remenat de gules<\/strong><\/h3>\n<h4 style=\"padding-left: 30px;\"><strong>Ingredients<\/strong><\/h4>\n<p style=\"padding-left: 30px;\">6 llesques de pa, 1 paquet de gules, 2 ous, oli d&#8217;oliva verge, sal i pebre.<\/p>\n<h4 style=\"padding-left: 30px;\"><strong>Elaboraci\u00f3<\/strong><\/h4>\n<p style=\"padding-left: 30px;\">Torra el pa a la torradora. Mentrestant, en una paella amb un rajol\u00ed d&#8217;oli oliva, salta les gules. Baixa el foc i trenca els ous, sense deixar de barrejar perqu\u00e8 quallin de manera homog\u00e8nia. Salpebra i retira del foc. Col\u00b7loca el remenat sobre la torrada i llest!<\/p>\n<h3 style=\"padding-left: 30px;\"><strong>3. Amanida de llenties amb vinagreta de mostassa i mel<\/strong><\/h3>\n<h4 style=\"padding-left: 30px;\"><strong>Ingredients<\/strong><\/h4>\n<p style=\"padding-left: 60px;\"><strong>&#8211; Per l&#8217;amanida: <\/strong>250g llenties de pot, 2 alvocats, 8 palets de cranc, 2 cebes tendres, 4 tom\u00e0quets, 180g enciam, 4 ous, 120g formatge feta i olives.<\/p>\n<p style=\"padding-left: 60px;\"><strong>&#8211; Per a la vinagreta: <\/strong>4 cullerades d&#8217;oli d&#8217;oliva verge extra, una cullerada de vinagre bals\u00e0mic de M\u00f2dena, 1 culleradeta de mostassa, 1 culleradeta de mel, sal i pebre.<\/p>\n<h4 style=\"padding-left: 30px;\"><strong>Elaboraci\u00f3<\/strong><\/h4>\n<p style=\"padding-left: 60px;\"><strong>&#8211; Per l&#8217;amanida: <\/strong>Renta els ingredients. En una olla amb aigua bullint, cuina l&#8217;ou durant 10 minuts aproximadament. Mentrestant, talla en trossos petits l&#8217;alvocat, el cranc, la ceba tendra, el tom\u00e0quet, les olives i el formatge feta. Quan l&#8217;ou estigui llest, passa-li aigua freda per refredar i talla-ho en trossos petits tamb\u00e9. Junta els ingredients en un bol per amanides, i barreja&#8217;ls b\u00e9.<\/p>\n<p style=\"padding-left: 60px;\"><strong>&#8211; Per a la vinagreta: <\/strong>En un bol afegeix l&#8217;oli d&#8217;oliva verge extra, el vinagre bals\u00e0mic de M\u00f2dena, la mostassa i la mel. Barreja b\u00e9 tots els ingredients. Salpebra i torna a barrejar. Deixa-ho reposar.<\/p>\n<p style=\"padding-left: 30px;\">Serveix l&#8217;amanida amb la vinagreta, i llest!<\/p>\n<h3 style=\"padding-left: 30px;\"><strong>4. Roastbeef amb arr\u00f2s d&#8217;acompanyament<\/strong><\/h3>\n<h4 style=\"padding-left: 30px;\"><strong>Ingredients<\/strong><\/h4>\n<p style=\"padding-left: 30px;\">1 llom de vedella, 150g d&#8217;<a href=\"https:\/\/nomen.es\/ca\/arros\/arros-rodo-extra-nomen\/\" target=\"_blank\" rel=\"noopener noreferrer\">Arr\u00f2s Rod\u00f3 Nomen<\/a>, 1 got d&#8217;aigua, 1 got de vi negre, 2 cullerades de roman\u00ed sec, 2 cullerades de farigola seca, 2 fulles de llorer, \u00bd culleradeta de com\u00ed en pols, oli d&#8217;oliva verge , sal grossa i pebre negre.<\/p>\n<h4 style=\"padding-left: 30px;\"><strong>Elaboraci\u00f3<\/strong><\/h4>\n<p style=\"padding-left: 30px;\">En un recipient afegeix el roman\u00ed, la farigola, les fulles de llorer, el com\u00ed en pols i el pebre negre. Pica-ho\u00a0tot junt i deixa-ho reposar. Lliga la vedella i, en una cassola amb un rajol\u00ed d&#8217;oli d&#8217;oliva verge, daura-la per ambd\u00f3s costats. Posa el forn a preescalfar a 180\u00baC. Arrebossa la vedella en la barreja d&#8217;herbes i col\u00b7loca-la en una safata per al forn. Afegeix un got d&#8217;aigua i cuina-la al voltant de 10 minuts. Despr\u00e9s d&#8217;aquest temps, d\u00f3na-li la volta a la carn i afegeix un gotet de vi negre i cuina-ho 10 minuts m\u00e9s. Retira el roastbeef del forn, talla a rodanxes fines i deixa-ho refredar. Reserva el suc de la safata per servir juntament amb\u00a0la carn. Mentrestant, en una olla, bull l&#8217;Arr\u00f2s Rod\u00f3 Nomen durant 15 minuts aproximadament. Llest!<\/p>\n<h3 style=\"padding-left: 30px;\"><strong>5. Sorbet de cireres<\/strong><\/h3>\n<h4 style=\"padding-left: 30px;\"><strong>Ingredients<\/strong><\/h4>\n<p style=\"padding-left: 30px;\">250g de cireres, 125g de sucre mor\u00e8, 100 ml d&#8217;aigua, 1 llimona.<\/p>\n<h4 style=\"padding-left: 30px;\"><strong>Elaboraci\u00f3<\/strong><\/h4>\n<p style=\"padding-left: 30px;\">Escalfa el sucre dissolt en l&#8217;aigua en una cassola fins a obtenir un alm\u00edvar. Esprem la llimona i reserva el suc. Retira l&#8217;alm\u00edvar del foc i afegeix el suc de llimona. Remou b\u00e9 i deixa-ho refredar. Desossa les cireres i tritura fins a obtenir una textura de pur\u00e9. Barreja amb l&#8217;alm\u00edvar i reserva-la al congelador. Cada 30 minuts, remou la barreja (aquest proc\u00e9s s&#8217;hauria de realitzar 3 vegades) per aconseguir la textura desitjada. Serveix-lo i llest!<\/p>\n<p>Qu\u00e8 t&#8217;han semblat aquestes <a href=\"https:\/\/nomen.es\/ca\/receptes\/\" target=\"_blank\" rel=\"noopener noreferrer\">receptes<\/a>? Aquest 30 de juliol, Dia Internacional de l&#8217;Amistat, sorpr\u00e8n als teus amics amb un sopar!<\/p>\n","protected":false},"excerpt":{"rendered":"<p>El 20 de juliol se celebra el Dia Internacional de l&#8217;Amistat. Els amics s\u00f3n la fam\u00edlia que un escull, per aix\u00f2, et proposem celebrar aquest dia amb un delici\u00f3s sopar a casa i sorprendre&#8217;ls a tots. T&#8217;animes? A continuaci\u00f3, et presentem algunes idees, segueix llegint. 1. Rotllets de salm\u00f3 Ingredients 6 talls de salm\u00f3 fumat, [&hellip;]<\/p>\n","protected":false},"author":2,"featured_media":3059,"comment_status":"open","ping_status":"open","sticky":false,"template":"","format":"standard","meta":{"_acf_changed":false,"_et_pb_use_builder":"","_et_pb_old_content":"","_et_gb_content_width":"","inline_featured_image":false,"footnotes":""},"categories":[146],"tags":[60,62,95,117,118,142,143,149,150,152,260,341,420,474,50,475,51],"class_list":["post-3063","post","type-post","status-publish","format-standard","has-post-thumbnail","hentry","category-cuina","tag-alimentacio","tag-nutricio","tag-nutricion-ca","tag-consells","tag-idees","tag-facil","tag-original","tag-cuina","tag-menjar","tag-receptes","tag-amics","tag-recepta","tag-celebracio","tag-dia-internacional-de-lamistat","tag-alimentacion-ca","tag-amistat","tag-comida-ca"],"acf":[],"yoast_head":"<!-- This site is optimized with the Yoast SEO plugin v27.4 - https:\/\/yoast.com\/product\/yoast-seo-wordpress\/ -->\n<title>Celebra el Dia Internacional de l&#039;Amistat! - Nomen<\/title>\n<meta name=\"description\" content=\"Aquest 30 de juliol, Dia Internacional de l&#039;Amistat, sorpr\u00e8n els teus amics amb un sopar. Aqu\u00ed tens les millors receptes!\" \/>\n<meta name=\"robots\" content=\"index, follow, max-snippet:-1, max-image-preview:large, max-video-preview:-1\" \/>\n<link rel=\"canonical\" href=\"https:\/\/nomen.es\/celebra-dia-internacional-de-la-amistad\/\" \/>\n<meta property=\"og:locale\" content=\"ca_ES\" \/>\n<meta property=\"og:type\" content=\"article\" \/>\n<meta property=\"og:title\" content=\"Celebra el Dia Internacional de l&#039;Amistat! - Nomen\" \/>\n<meta property=\"og:description\" content=\"Aquest 30 de juliol, Dia Internacional de l&#039;Amistat, sorpr\u00e8n els teus amics amb un sopar. Aqu\u00ed tens les millors receptes!\" \/>\n<meta property=\"og:url\" content=\"https:\/\/nomen.es\/celebra-dia-internacional-de-la-amistad\/\" \/>\n<meta property=\"og:site_name\" content=\"Nomen\" \/>\n<meta property=\"article:published_time\" content=\"2017-07-24T07:38:45+00:00\" \/>\n<meta property=\"og:image\" content=\"https:\/\/nomen.es\/wp-content\/uploads\/2017\/07\/D\u00eda-Internacional-de-la-Amistad.jpg\" \/>\n\t<meta property=\"og:image:width\" content=\"900\" \/>\n\t<meta property=\"og:image:height\" content=\"600\" \/>\n\t<meta property=\"og:image:type\" content=\"image\/jpeg\" \/>\n<meta name=\"author\" content=\"Nomen\" \/>\n<meta name=\"twitter:label1\" content=\"Escrit per\" \/>\n\t<meta name=\"twitter:data1\" content=\"Nomen\" \/>\n\t<meta name=\"twitter:label2\" content=\"Temps estimat de lectura\" \/>\n\t<meta name=\"twitter:data2\" content=\"3 minuts\" \/>\n<script type=\"application\/ld+json\" class=\"yoast-schema-graph\">{\"@context\":\"https:\\\/\\\/schema.org\",\"@graph\":[{\"@type\":\"Article\",\"@id\":\"https:\\\/\\\/nomen.es\\\/celebra-dia-internacional-de-la-amistad\\\/#article\",\"isPartOf\":{\"@id\":\"https:\\\/\\\/nomen.es\\\/celebra-dia-internacional-de-la-amistad\\\/\"},\"author\":{\"name\":\"Nomen\",\"@id\":\"https:\\\/\\\/nomen.es\\\/#\\\/schema\\\/person\\\/e05dca4ee822516d2b98d8c40d7c7936\"},\"headline\":\"Celebra el Dia Internacional de l&#8217;Amistat!\",\"datePublished\":\"2017-07-24T07:38:45+00:00\",\"mainEntityOfPage\":{\"@id\":\"https:\\\/\\\/nomen.es\\\/celebra-dia-internacional-de-la-amistad\\\/\"},\"wordCount\":691,\"commentCount\":0,\"image\":{\"@id\":\"https:\\\/\\\/nomen.es\\\/celebra-dia-internacional-de-la-amistad\\\/#primaryimage\"},\"thumbnailUrl\":\"https:\\\/\\\/nomen.es\\\/wp-content\\\/uploads\\\/2017\\\/07\\\/D\u00eda-Internacional-de-la-Amistad.jpg\",\"keywords\":[\"alimentaci\u00f3\",\"nutrici\u00f3\",\"nutrici\u00f3n\",\"consells\",\"idees\",\"f\u00e1cil\",\"original\",\"Cuina\",\"menjar\",\"receptes\",\"amics\",\"recepta\",\"celebraci\u00f3\",\"Dia Internacional de l'Amistat\",\"alimentaci\u00f3n\",\"amistat\",\"comida\"],\"articleSection\":[\"Cuina\"],\"inLanguage\":\"ca\",\"potentialAction\":[{\"@type\":\"CommentAction\",\"name\":\"Comment\",\"target\":[\"https:\\\/\\\/nomen.es\\\/celebra-dia-internacional-de-la-amistad\\\/#respond\"]}]},{\"@type\":\"WebPage\",\"@id\":\"https:\\\/\\\/nomen.es\\\/celebra-dia-internacional-de-la-amistad\\\/\",\"url\":\"https:\\\/\\\/nomen.es\\\/celebra-dia-internacional-de-la-amistad\\\/\",\"name\":\"Celebra el Dia Internacional de l'Amistat! - Nomen\",\"isPartOf\":{\"@id\":\"https:\\\/\\\/nomen.es\\\/#website\"},\"primaryImageOfPage\":{\"@id\":\"https:\\\/\\\/nomen.es\\\/celebra-dia-internacional-de-la-amistad\\\/#primaryimage\"},\"image\":{\"@id\":\"https:\\\/\\\/nomen.es\\\/celebra-dia-internacional-de-la-amistad\\\/#primaryimage\"},\"thumbnailUrl\":\"https:\\\/\\\/nomen.es\\\/wp-content\\\/uploads\\\/2017\\\/07\\\/D\u00eda-Internacional-de-la-Amistad.jpg\",\"datePublished\":\"2017-07-24T07:38:45+00:00\",\"author\":{\"@id\":\"https:\\\/\\\/nomen.es\\\/#\\\/schema\\\/person\\\/e05dca4ee822516d2b98d8c40d7c7936\"},\"description\":\"Aquest 30 de juliol, Dia Internacional de l'Amistat, sorpr\u00e8n els teus amics amb un sopar. Aqu\u00ed tens les millors receptes!\",\"breadcrumb\":{\"@id\":\"https:\\\/\\\/nomen.es\\\/celebra-dia-internacional-de-la-amistad\\\/#breadcrumb\"},\"inLanguage\":\"ca\",\"potentialAction\":[{\"@type\":\"ReadAction\",\"target\":[\"https:\\\/\\\/nomen.es\\\/celebra-dia-internacional-de-la-amistad\\\/\"]}]},{\"@type\":\"ImageObject\",\"inLanguage\":\"ca\",\"@id\":\"https:\\\/\\\/nomen.es\\\/celebra-dia-internacional-de-la-amistad\\\/#primaryimage\",\"url\":\"https:\\\/\\\/nomen.es\\\/wp-content\\\/uploads\\\/2017\\\/07\\\/D\u00eda-Internacional-de-la-Amistad.jpg\",\"contentUrl\":\"https:\\\/\\\/nomen.es\\\/wp-content\\\/uploads\\\/2017\\\/07\\\/D\u00eda-Internacional-de-la-Amistad.jpg\",\"width\":900,\"height\":600},{\"@type\":\"BreadcrumbList\",\"@id\":\"https:\\\/\\\/nomen.es\\\/celebra-dia-internacional-de-la-amistad\\\/#breadcrumb\",\"itemListElement\":[{\"@type\":\"ListItem\",\"position\":1,\"name\":\"Portada\",\"item\":\"https:\\\/\\\/nomen.es\\\/ca\\\/\"},{\"@type\":\"ListItem\",\"position\":2,\"name\":\"Celebra el Dia Internacional de l&#8217;Amistat!\"}]},{\"@type\":\"WebSite\",\"@id\":\"https:\\\/\\\/nomen.es\\\/#website\",\"url\":\"https:\\\/\\\/nomen.es\\\/\",\"name\":\"Nomen\",\"description\":\"Mucho m\u00e1s que arroz\",\"potentialAction\":[{\"@type\":\"SearchAction\",\"target\":{\"@type\":\"EntryPoint\",\"urlTemplate\":\"https:\\\/\\\/nomen.es\\\/?s={search_term_string}\"},\"query-input\":{\"@type\":\"PropertyValueSpecification\",\"valueRequired\":true,\"valueName\":\"search_term_string\"}}],\"inLanguage\":\"ca\"},{\"@type\":\"Person\",\"@id\":\"https:\\\/\\\/nomen.es\\\/#\\\/schema\\\/person\\\/e05dca4ee822516d2b98d8c40d7c7936\",\"name\":\"Nomen\",\"image\":{\"@type\":\"ImageObject\",\"inLanguage\":\"ca\",\"@id\":\"https:\\\/\\\/secure.gravatar.com\\\/avatar\\\/9706332b7e0d915e91c32e7737d8b5aea989a8aa0f5a11d27cdf2acb64563170?s=96&d=mm&r=g\",\"url\":\"https:\\\/\\\/secure.gravatar.com\\\/avatar\\\/9706332b7e0d915e91c32e7737d8b5aea989a8aa0f5a11d27cdf2acb64563170?s=96&d=mm&r=g\",\"contentUrl\":\"https:\\\/\\\/secure.gravatar.com\\\/avatar\\\/9706332b7e0d915e91c32e7737d8b5aea989a8aa0f5a11d27cdf2acb64563170?s=96&d=mm&r=g\",\"caption\":\"Nomen\"}}]}<\/script>\n<!-- \/ Yoast SEO plugin. -->","yoast_head_json":{"title":"Celebra el Dia Internacional de l'Amistat! - Nomen","description":"Aquest 30 de juliol, Dia Internacional de l'Amistat, sorpr\u00e8n els teus amics amb un sopar. Aqu\u00ed tens les millors receptes!","robots":{"index":"index","follow":"follow","max-snippet":"max-snippet:-1","max-image-preview":"max-image-preview:large","max-video-preview":"max-video-preview:-1"},"canonical":"https:\/\/nomen.es\/celebra-dia-internacional-de-la-amistad\/","og_locale":"ca_ES","og_type":"article","og_title":"Celebra el Dia Internacional de l'Amistat! - Nomen","og_description":"Aquest 30 de juliol, Dia Internacional de l'Amistat, sorpr\u00e8n els teus amics amb un sopar. Aqu\u00ed tens les millors receptes!","og_url":"https:\/\/nomen.es\/celebra-dia-internacional-de-la-amistad\/","og_site_name":"Nomen","article_published_time":"2017-07-24T07:38:45+00:00","og_image":[{"width":900,"height":600,"url":"https:\/\/nomen.es\/wp-content\/uploads\/2017\/07\/D\u00eda-Internacional-de-la-Amistad.jpg","type":"image\/jpeg"}],"author":"Nomen","twitter_misc":{"Escrit per":"Nomen","Temps estimat de lectura":"3 minuts"},"schema":{"@context":"https:\/\/schema.org","@graph":[{"@type":"Article","@id":"https:\/\/nomen.es\/celebra-dia-internacional-de-la-amistad\/#article","isPartOf":{"@id":"https:\/\/nomen.es\/celebra-dia-internacional-de-la-amistad\/"},"author":{"name":"Nomen","@id":"https:\/\/nomen.es\/#\/schema\/person\/e05dca4ee822516d2b98d8c40d7c7936"},"headline":"Celebra el Dia Internacional de l&#8217;Amistat!","datePublished":"2017-07-24T07:38:45+00:00","mainEntityOfPage":{"@id":"https:\/\/nomen.es\/celebra-dia-internacional-de-la-amistad\/"},"wordCount":691,"commentCount":0,"image":{"@id":"https:\/\/nomen.es\/celebra-dia-internacional-de-la-amistad\/#primaryimage"},"thumbnailUrl":"https:\/\/nomen.es\/wp-content\/uploads\/2017\/07\/D\u00eda-Internacional-de-la-Amistad.jpg","keywords":["alimentaci\u00f3","nutrici\u00f3","nutrici\u00f3n","consells","idees","f\u00e1cil","original","Cuina","menjar","receptes","amics","recepta","celebraci\u00f3","Dia Internacional de l'Amistat","alimentaci\u00f3n","amistat","comida"],"articleSection":["Cuina"],"inLanguage":"ca","potentialAction":[{"@type":"CommentAction","name":"Comment","target":["https:\/\/nomen.es\/celebra-dia-internacional-de-la-amistad\/#respond"]}]},{"@type":"WebPage","@id":"https:\/\/nomen.es\/celebra-dia-internacional-de-la-amistad\/","url":"https:\/\/nomen.es\/celebra-dia-internacional-de-la-amistad\/","name":"Celebra el Dia Internacional de l'Amistat! - Nomen","isPartOf":{"@id":"https:\/\/nomen.es\/#website"},"primaryImageOfPage":{"@id":"https:\/\/nomen.es\/celebra-dia-internacional-de-la-amistad\/#primaryimage"},"image":{"@id":"https:\/\/nomen.es\/celebra-dia-internacional-de-la-amistad\/#primaryimage"},"thumbnailUrl":"https:\/\/nomen.es\/wp-content\/uploads\/2017\/07\/D\u00eda-Internacional-de-la-Amistad.jpg","datePublished":"2017-07-24T07:38:45+00:00","author":{"@id":"https:\/\/nomen.es\/#\/schema\/person\/e05dca4ee822516d2b98d8c40d7c7936"},"description":"Aquest 30 de juliol, Dia Internacional de l'Amistat, sorpr\u00e8n els teus amics amb un sopar. Aqu\u00ed tens les millors receptes!","breadcrumb":{"@id":"https:\/\/nomen.es\/celebra-dia-internacional-de-la-amistad\/#breadcrumb"},"inLanguage":"ca","potentialAction":[{"@type":"ReadAction","target":["https:\/\/nomen.es\/celebra-dia-internacional-de-la-amistad\/"]}]},{"@type":"ImageObject","inLanguage":"ca","@id":"https:\/\/nomen.es\/celebra-dia-internacional-de-la-amistad\/#primaryimage","url":"https:\/\/nomen.es\/wp-content\/uploads\/2017\/07\/D\u00eda-Internacional-de-la-Amistad.jpg","contentUrl":"https:\/\/nomen.es\/wp-content\/uploads\/2017\/07\/D\u00eda-Internacional-de-la-Amistad.jpg","width":900,"height":600},{"@type":"BreadcrumbList","@id":"https:\/\/nomen.es\/celebra-dia-internacional-de-la-amistad\/#breadcrumb","itemListElement":[{"@type":"ListItem","position":1,"name":"Portada","item":"https:\/\/nomen.es\/ca\/"},{"@type":"ListItem","position":2,"name":"Celebra el Dia Internacional de l&#8217;Amistat!"}]},{"@type":"WebSite","@id":"https:\/\/nomen.es\/#website","url":"https:\/\/nomen.es\/","name":"Nomen","description":"Mucho m\u00e1s que arroz","potentialAction":[{"@type":"SearchAction","target":{"@type":"EntryPoint","urlTemplate":"https:\/\/nomen.es\/?s={search_term_string}"},"query-input":{"@type":"PropertyValueSpecification","valueRequired":true,"valueName":"search_term_string"}}],"inLanguage":"ca"},{"@type":"Person","@id":"https:\/\/nomen.es\/#\/schema\/person\/e05dca4ee822516d2b98d8c40d7c7936","name":"Nomen","image":{"@type":"ImageObject","inLanguage":"ca","@id":"https:\/\/secure.gravatar.com\/avatar\/9706332b7e0d915e91c32e7737d8b5aea989a8aa0f5a11d27cdf2acb64563170?s=96&d=mm&r=g","url":"https:\/\/secure.gravatar.com\/avatar\/9706332b7e0d915e91c32e7737d8b5aea989a8aa0f5a11d27cdf2acb64563170?s=96&d=mm&r=g","contentUrl":"https:\/\/secure.gravatar.com\/avatar\/9706332b7e0d915e91c32e7737d8b5aea989a8aa0f5a11d27cdf2acb64563170?s=96&d=mm&r=g","caption":"Nomen"}}]}},"_links":{"self":[{"href":"https:\/\/nomen.es\/ca\/wp-json\/wp\/v2\/posts\/3063","targetHints":{"allow":["GET"]}}],"collection":[{"href":"https:\/\/nomen.es\/ca\/wp-json\/wp\/v2\/posts"}],"about":[{"href":"https:\/\/nomen.es\/ca\/wp-json\/wp\/v2\/types\/post"}],"author":[{"embeddable":true,"href":"https:\/\/nomen.es\/ca\/wp-json\/wp\/v2\/users\/2"}],"replies":[{"embeddable":true,"href":"https:\/\/nomen.es\/ca\/wp-json\/wp\/v2\/comments?post=3063"}],"version-history":[{"count":0,"href":"https:\/\/nomen.es\/ca\/wp-json\/wp\/v2\/posts\/3063\/revisions"}],"wp:featuredmedia":[{"embeddable":true,"href":"https:\/\/nomen.es\/ca\/wp-json\/wp\/v2\/media\/3059"}],"wp:attachment":[{"href":"https:\/\/nomen.es\/ca\/wp-json\/wp\/v2\/media?parent=3063"}],"wp:term":[{"taxonomy":"category","embeddable":true,"href":"https:\/\/nomen.es\/ca\/wp-json\/wp\/v2\/categories?post=3063"},{"taxonomy":"post_tag","embeddable":true,"href":"https:\/\/nomen.es\/ca\/wp-json\/wp\/v2\/tags?post=3063"}],"curies":[{"name":"wp","href":"https:\/\/api.w.org\/{rel}","templated":true}]}}