{"id":6590,"date":"2018-05-28T08:00:55","date_gmt":"2018-05-28T07:00:55","guid":{"rendered":"https:\/\/nomen.es\/?p=6590\/"},"modified":"2018-05-25T09:40:43","modified_gmt":"2018-05-25T08:40:43","slug":"plats-ideals-arros-bomba","status":"publish","type":"post","link":"https:\/\/nomen.es\/ca\/plats-ideals-arros-bomba\/","title":{"rendered":"Plats ideals amb arr\u00f2s bomba"},"content":{"rendered":"<p>\u00bfTots els arrossos s\u00f3n iguals? La veritat \u00e9s que no, cadasc\u00fan t\u00e9 unes peculiaritats que el fan perfecte per a algunes receptes.<\/p>\n<p>&nbsp;<\/p>\n<h2><strong>Et parlem una mica m\u00e9s sobre l&#8217;arr\u00f2s bomba<\/strong><\/h2>\n<p>L&#8217;arr\u00f2s bomba \u00e9s una de les varietats m\u00e9s conegudes, \u00e9s un gra curt i arrodonit que s&#8217;allarga una mica durant la cocci\u00f3. \u00c9s un gra que absorbeix molt b\u00e9 el l\u00edquid de les coccions, aix\u00ed que \u00e9s perfecte per utilitzar en moltes receptes, especialment en aquelles que requereixin brou, ja que absorbeix tot el sabor. \u00c9s la varietat que se sol usar en paelles, per exemple. Et donem 3 idees de plats riqu\u00edssims i amb sabor tradicional perqu\u00e8 gaudeixis de l&#8217;arr\u00f2s!<\/p>\n<h2><\/h2>\n<h2><strong>3 receptes amb arr\u00f2s bomba<\/strong><\/h2>\n<h3><strong>Arr\u00f2s crem\u00f3s amb bolets i foie<\/strong><\/h3>\n<p><strong>Ingredients:<\/strong> 200g d&#8217;arr\u00f2s bomba, 200g de bolets, 50g de foie, 1 ceba, 2 grans d&#8217;all, 1 got de vi blanc, 600ml de brou, oli d&#8217;oliva verge extra, sal.<\/p>\n<p><strong>Elaboraci\u00f3:<\/strong> Pica l\u2019all i la ceba i ofega\u2019ls en una paella amb una mica d&#8217;oli d&#8217;oliva. Renta i talla en daus els bolets i quan la ceba estigui al punt incorpora\u2019ls a la paella i salta tot junt durant uns tres. En aquest punt afegeix l&#8217;arr\u00f2s i ofega-ho tot un parell de minuts remenant constantment. Afegeix el vi i barreja b\u00e9 i fins que l&#8217;alcohol s&#8217;hagi evaporat. En una batedora posa el foie a trossets amb una mica de brou, bat b\u00e9 i afegeix-ho a la paella. Afegeix el brou i quan comenci a bullir, deixa-ho 15 minuts coent i despr\u00e9s 5 minuts de rep\u00f2s. Ha de quedar amb una mica de brou, perqu\u00e8 quedi una textura cremosa. \u00a1Rectifica el punt de sal i LLEST!<\/p>\n<p>&nbsp;<\/p>\n<h3><strong>Arr\u00f2s negre amb calamars f\u00e0cil<\/strong><\/h3>\n<p><strong>Ingredients:<\/strong> 200g arr\u00f2s bomba, 200g calamars, 600ml brou de peix, 2 sobres de tinta de calamar, una ceba, dos grans d&#8217;all, oli d&#8217;oliva verge extra i sal.<\/p>\n<p><strong>Elaboraci\u00f3:<\/strong> Comen\u00e7a picant la ceba i l&#8217;all i ofega\u2019ls en una paella amb oli d&#8217;oliva. Un cop picada afegeix els calamars tallats a trossos i salta\u2019ls durant uns 5 minuts aproximadament. Salpebra. Ara afegeix l&#8217;arr\u00f2s i ofega-ho un parell de minuts perqu\u00e8 absorbeixi tots els sabors. Afegeix la tinta de calamar. Seguidament afegeix el brou de peix a la preparaci\u00f3 i deixa cuinar tot a foc mitj\u00e0 durant uns 20 minuts. Un cop cuit, s&#8217;apaga el foc i deixa reposar 5 minuts amb un drap a sobre. Acompanya amb una mica d&#8217;allioli i quedar\u00e0 delici\u00f3s!<\/p>\n<p>&nbsp;<\/p>\n<h3><strong>Arr\u00f2s al forn valenci\u00e0 tradicional<\/strong><\/h3>\n<p><strong>Ingredients:<\/strong> 400g d&#8217;arr\u00f2s bomba, 800ml de brou d\u2019escudella o au, 100g de cigrons cuits, 4 costelles de porc, 4 talls de cansalada fresca, 4 botifarres petites, 1 cap d&#8217;alls, 1 patata, 1 tom\u00e0quet gran, oli d&#8217;oliva verge extra, pebre vermell de la Vera, sal, i safr\u00e0.<\/p>\n<p><strong>Elaboraci\u00f3:<\/strong> Pre-escalfa el forn a 200 \u00aa. Salem la carn. Cobreix el fons d&#8217;una paella amb oli d&#8217;oliva i sofregeix les costelles, la cansalada i el cap d&#8217;all sencer. Retira i reserva. Despr\u00e9s talla la patata a rodanxes gruixudes, marca-les a la paella i reserva-les. A la mateixa paella afegeix una mica de pebre vermell a l&#8217;oli (amb cura que no es cremi) i el brou. Rectifica de sal i quan comenci a bullir afegeix el safr\u00e0. En aquest moment pots retirar del foc. A la cassola de fang comencem a preparar el plat, primer l&#8217;arr\u00f2s, els cigrons i per sobre la carn, les patates i el tom\u00e0quet tallat a rodanxes, tot ben distribu\u00eft. Finalment, afegeix el brou ben calent per sobre (ha de quedar tot l&#8217;arr\u00f2s ben cobert de brou). Porta al forn 20 minuts aproximadament. A gaudir!<\/p>\n<p>A qu\u00e8 esperes per preparar aquestes receptes tan delicioses?<\/p>\n","protected":false},"excerpt":{"rendered":"<p>\u00bfTots els arrossos s\u00f3n iguals? La veritat \u00e9s que no, cadasc\u00fan t\u00e9 unes peculiaritats que el fan perfecte per a algunes receptes. &nbsp; Et parlem una mica m\u00e9s sobre l&#8217;arr\u00f2s bomba L&#8217;arr\u00f2s bomba \u00e9s una de les varietats m\u00e9s conegudes, \u00e9s un gra curt i arrodonit que s&#8217;allarga una mica durant la cocci\u00f3. \u00c9s un [&hellip;]<\/p>\n","protected":false},"author":2,"featured_media":6586,"comment_status":"open","ping_status":"open","sticky":false,"template":"","format":"standard","meta":{"_acf_changed":false,"_et_pb_use_builder":"","_et_pb_old_content":"","_et_gb_content_width":"","inline_featured_image":false,"footnotes":""},"categories":[],"tags":[],"class_list":["post-6590","post","type-post","status-publish","format-standard","has-post-thumbnail","hentry"],"acf":[],"yoast_head":"<!-- This site is optimized with the Yoast SEO plugin v27.5 - https:\/\/yoast.com\/product\/yoast-seo-wordpress\/ -->\n<title>Plats ideals amb arr\u00f2s bomba. 3 receptes - Blog de Nomen<\/title>\n<meta name=\"description\" content=\"L&#039;arr\u00f2s bomba \u00e9s una de les varietats m\u00e9s conegudes, \u00e9s un gra curt i arrodonit que s&#039;allarga una mica durant la cocci\u00f3. \u00c9s un gra que absorbeix molt b\u00e9 el l\u00edquid de les coccions, aix\u00ed que \u00e9s perfecte per utilitzar en moltes receptes, especialment en aquelles que requereixin brou, ja que absorbeix tot el sabor.\" \/>\n<meta name=\"robots\" content=\"index, follow, max-snippet:-1, max-image-preview:large, max-video-preview:-1\" \/>\n<link rel=\"canonical\" href=\"https:\/\/nomen.es\/ca\/plats-ideals-arros-bomba\/\" \/>\n<meta property=\"og:locale\" content=\"ca_ES\" \/>\n<meta property=\"og:type\" content=\"article\" \/>\n<meta property=\"og:title\" content=\"Plats ideals amb arr\u00f2s bomba\" \/>\n<meta property=\"og:description\" content=\"L&#039;arr\u00f2s bomba \u00e9s una de les varietats m\u00e9s conegudes, \u00e9s un gra curt i arrodonit que s&#039;allarga una mica durant la cocci\u00f3. \u00c9s un gra que absorbeix molt b\u00e9 el l\u00edquid de les coccions, aix\u00ed que \u00e9s perfecte per utilitzar en moltes receptes, especialment en aquelles que requereixin brou, ja que absorbeix tot el sabor.\" \/>\n<meta property=\"og:url\" content=\"https:\/\/nomen.es\/ca\/plats-ideals-arros-bomba\/\" \/>\n<meta property=\"og:site_name\" content=\"Nomen\" \/>\n<meta property=\"article:published_time\" content=\"2018-05-28T07:00:55+00:00\" \/>\n<meta property=\"og:image\" content=\"https:\/\/nomen.es\/wp-content\/uploads\/2018\/05\/N_2018.05_articulo_arroz_bomba_linkFB.jpg\" \/>\n\t<meta property=\"og:image:width\" content=\"1200\" \/>\n\t<meta property=\"og:image:height\" content=\"625\" \/>\n\t<meta property=\"og:image:type\" content=\"image\/jpeg\" \/>\n<meta name=\"author\" content=\"Nomen\" \/>\n<meta name=\"twitter:label1\" content=\"Escrit per\" \/>\n\t<meta name=\"twitter:data1\" content=\"Nomen\" \/>\n\t<meta name=\"twitter:label2\" content=\"Temps estimat de lectura\" \/>\n\t<meta name=\"twitter:data2\" content=\"3 minuts\" \/>\n<script type=\"application\/ld+json\" class=\"yoast-schema-graph\">{\"@context\":\"https:\\\/\\\/schema.org\",\"@graph\":[{\"@type\":\"Article\",\"@id\":\"https:\\\/\\\/nomen.es\\\/ca\\\/plats-ideals-arros-bomba\\\/#article\",\"isPartOf\":{\"@id\":\"https:\\\/\\\/nomen.es\\\/ca\\\/plats-ideals-arros-bomba\\\/\"},\"author\":{\"name\":\"Nomen\",\"@id\":\"https:\\\/\\\/nomen.es\\\/#\\\/schema\\\/person\\\/e05dca4ee822516d2b98d8c40d7c7936\"},\"headline\":\"Plats ideals amb arr\u00f2s bomba\",\"datePublished\":\"2018-05-28T07:00:55+00:00\",\"mainEntityOfPage\":{\"@id\":\"https:\\\/\\\/nomen.es\\\/ca\\\/plats-ideals-arros-bomba\\\/\"},\"wordCount\":654,\"commentCount\":0,\"image\":{\"@id\":\"https:\\\/\\\/nomen.es\\\/ca\\\/plats-ideals-arros-bomba\\\/#primaryimage\"},\"thumbnailUrl\":\"https:\\\/\\\/nomen.es\\\/wp-content\\\/uploads\\\/2018\\\/05\\\/N_2018.05_articulo_arroz_bomba_web.jpg\",\"inLanguage\":\"ca\",\"potentialAction\":[{\"@type\":\"CommentAction\",\"name\":\"Comment\",\"target\":[\"https:\\\/\\\/nomen.es\\\/ca\\\/plats-ideals-arros-bomba\\\/#respond\"]}]},{\"@type\":\"WebPage\",\"@id\":\"https:\\\/\\\/nomen.es\\\/ca\\\/plats-ideals-arros-bomba\\\/\",\"url\":\"https:\\\/\\\/nomen.es\\\/ca\\\/plats-ideals-arros-bomba\\\/\",\"name\":\"Plats ideals amb arr\u00f2s bomba. 3 receptes - Blog de Nomen\",\"isPartOf\":{\"@id\":\"https:\\\/\\\/nomen.es\\\/#website\"},\"primaryImageOfPage\":{\"@id\":\"https:\\\/\\\/nomen.es\\\/ca\\\/plats-ideals-arros-bomba\\\/#primaryimage\"},\"image\":{\"@id\":\"https:\\\/\\\/nomen.es\\\/ca\\\/plats-ideals-arros-bomba\\\/#primaryimage\"},\"thumbnailUrl\":\"https:\\\/\\\/nomen.es\\\/wp-content\\\/uploads\\\/2018\\\/05\\\/N_2018.05_articulo_arroz_bomba_web.jpg\",\"datePublished\":\"2018-05-28T07:00:55+00:00\",\"author\":{\"@id\":\"https:\\\/\\\/nomen.es\\\/#\\\/schema\\\/person\\\/e05dca4ee822516d2b98d8c40d7c7936\"},\"description\":\"L'arr\u00f2s bomba \u00e9s una de les varietats m\u00e9s conegudes, \u00e9s un gra curt i arrodonit que s'allarga una mica durant la cocci\u00f3. \u00c9s un gra que absorbeix molt b\u00e9 el l\u00edquid de les coccions, aix\u00ed que \u00e9s perfecte per utilitzar en moltes receptes, especialment en aquelles que requereixin brou, ja que absorbeix tot el sabor.\",\"breadcrumb\":{\"@id\":\"https:\\\/\\\/nomen.es\\\/ca\\\/plats-ideals-arros-bomba\\\/#breadcrumb\"},\"inLanguage\":\"ca\",\"potentialAction\":[{\"@type\":\"ReadAction\",\"target\":[\"https:\\\/\\\/nomen.es\\\/ca\\\/plats-ideals-arros-bomba\\\/\"]}]},{\"@type\":\"ImageObject\",\"inLanguage\":\"ca\",\"@id\":\"https:\\\/\\\/nomen.es\\\/ca\\\/plats-ideals-arros-bomba\\\/#primaryimage\",\"url\":\"https:\\\/\\\/nomen.es\\\/wp-content\\\/uploads\\\/2018\\\/05\\\/N_2018.05_articulo_arroz_bomba_web.jpg\",\"contentUrl\":\"https:\\\/\\\/nomen.es\\\/wp-content\\\/uploads\\\/2018\\\/05\\\/N_2018.05_articulo_arroz_bomba_web.jpg\",\"width\":900,\"height\":600},{\"@type\":\"BreadcrumbList\",\"@id\":\"https:\\\/\\\/nomen.es\\\/ca\\\/plats-ideals-arros-bomba\\\/#breadcrumb\",\"itemListElement\":[{\"@type\":\"ListItem\",\"position\":1,\"name\":\"Portada\",\"item\":\"https:\\\/\\\/nomen.es\\\/ca\\\/\"},{\"@type\":\"ListItem\",\"position\":2,\"name\":\"Plats ideals amb arr\u00f2s bomba\"}]},{\"@type\":\"WebSite\",\"@id\":\"https:\\\/\\\/nomen.es\\\/#website\",\"url\":\"https:\\\/\\\/nomen.es\\\/\",\"name\":\"Nomen\",\"description\":\"Mucho m\u00e1s que arroz\",\"potentialAction\":[{\"@type\":\"SearchAction\",\"target\":{\"@type\":\"EntryPoint\",\"urlTemplate\":\"https:\\\/\\\/nomen.es\\\/?s={search_term_string}\"},\"query-input\":{\"@type\":\"PropertyValueSpecification\",\"valueRequired\":true,\"valueName\":\"search_term_string\"}}],\"inLanguage\":\"ca\"},{\"@type\":\"Person\",\"@id\":\"https:\\\/\\\/nomen.es\\\/#\\\/schema\\\/person\\\/e05dca4ee822516d2b98d8c40d7c7936\",\"name\":\"Nomen\",\"image\":{\"@type\":\"ImageObject\",\"inLanguage\":\"ca\",\"@id\":\"https:\\\/\\\/secure.gravatar.com\\\/avatar\\\/9706332b7e0d915e91c32e7737d8b5aea989a8aa0f5a11d27cdf2acb64563170?s=96&d=mm&r=g\",\"url\":\"https:\\\/\\\/secure.gravatar.com\\\/avatar\\\/9706332b7e0d915e91c32e7737d8b5aea989a8aa0f5a11d27cdf2acb64563170?s=96&d=mm&r=g\",\"contentUrl\":\"https:\\\/\\\/secure.gravatar.com\\\/avatar\\\/9706332b7e0d915e91c32e7737d8b5aea989a8aa0f5a11d27cdf2acb64563170?s=96&d=mm&r=g\",\"caption\":\"Nomen\"}}]}<\/script>\n<!-- \/ Yoast SEO plugin. -->","yoast_head_json":{"title":"Plats ideals amb arr\u00f2s bomba. 3 receptes - Blog de Nomen","description":"L'arr\u00f2s bomba \u00e9s una de les varietats m\u00e9s conegudes, \u00e9s un gra curt i arrodonit que s'allarga una mica durant la cocci\u00f3. \u00c9s un gra que absorbeix molt b\u00e9 el l\u00edquid de les coccions, aix\u00ed que \u00e9s perfecte per utilitzar en moltes receptes, especialment en aquelles que requereixin brou, ja que absorbeix tot el sabor.","robots":{"index":"index","follow":"follow","max-snippet":"max-snippet:-1","max-image-preview":"max-image-preview:large","max-video-preview":"max-video-preview:-1"},"canonical":"https:\/\/nomen.es\/ca\/plats-ideals-arros-bomba\/","og_locale":"ca_ES","og_type":"article","og_title":"Plats ideals amb arr\u00f2s bomba","og_description":"L'arr\u00f2s bomba \u00e9s una de les varietats m\u00e9s conegudes, \u00e9s un gra curt i arrodonit que s'allarga una mica durant la cocci\u00f3. \u00c9s un gra que absorbeix molt b\u00e9 el l\u00edquid de les coccions, aix\u00ed que \u00e9s perfecte per utilitzar en moltes receptes, especialment en aquelles que requereixin brou, ja que absorbeix tot el sabor.","og_url":"https:\/\/nomen.es\/ca\/plats-ideals-arros-bomba\/","og_site_name":"Nomen","article_published_time":"2018-05-28T07:00:55+00:00","og_image":[{"width":1200,"height":625,"url":"https:\/\/nomen.es\/wp-content\/uploads\/2018\/05\/N_2018.05_articulo_arroz_bomba_linkFB.jpg","type":"image\/jpeg"}],"author":"Nomen","twitter_misc":{"Escrit per":"Nomen","Temps estimat de lectura":"3 minuts"},"schema":{"@context":"https:\/\/schema.org","@graph":[{"@type":"Article","@id":"https:\/\/nomen.es\/ca\/plats-ideals-arros-bomba\/#article","isPartOf":{"@id":"https:\/\/nomen.es\/ca\/plats-ideals-arros-bomba\/"},"author":{"name":"Nomen","@id":"https:\/\/nomen.es\/#\/schema\/person\/e05dca4ee822516d2b98d8c40d7c7936"},"headline":"Plats ideals amb arr\u00f2s bomba","datePublished":"2018-05-28T07:00:55+00:00","mainEntityOfPage":{"@id":"https:\/\/nomen.es\/ca\/plats-ideals-arros-bomba\/"},"wordCount":654,"commentCount":0,"image":{"@id":"https:\/\/nomen.es\/ca\/plats-ideals-arros-bomba\/#primaryimage"},"thumbnailUrl":"https:\/\/nomen.es\/wp-content\/uploads\/2018\/05\/N_2018.05_articulo_arroz_bomba_web.jpg","inLanguage":"ca","potentialAction":[{"@type":"CommentAction","name":"Comment","target":["https:\/\/nomen.es\/ca\/plats-ideals-arros-bomba\/#respond"]}]},{"@type":"WebPage","@id":"https:\/\/nomen.es\/ca\/plats-ideals-arros-bomba\/","url":"https:\/\/nomen.es\/ca\/plats-ideals-arros-bomba\/","name":"Plats ideals amb arr\u00f2s bomba. 3 receptes - Blog de Nomen","isPartOf":{"@id":"https:\/\/nomen.es\/#website"},"primaryImageOfPage":{"@id":"https:\/\/nomen.es\/ca\/plats-ideals-arros-bomba\/#primaryimage"},"image":{"@id":"https:\/\/nomen.es\/ca\/plats-ideals-arros-bomba\/#primaryimage"},"thumbnailUrl":"https:\/\/nomen.es\/wp-content\/uploads\/2018\/05\/N_2018.05_articulo_arroz_bomba_web.jpg","datePublished":"2018-05-28T07:00:55+00:00","author":{"@id":"https:\/\/nomen.es\/#\/schema\/person\/e05dca4ee822516d2b98d8c40d7c7936"},"description":"L'arr\u00f2s bomba \u00e9s una de les varietats m\u00e9s conegudes, \u00e9s un gra curt i arrodonit que s'allarga una mica durant la cocci\u00f3. \u00c9s un gra que absorbeix molt b\u00e9 el l\u00edquid de les coccions, aix\u00ed que \u00e9s perfecte per utilitzar en moltes receptes, especialment en aquelles que requereixin brou, ja que absorbeix tot el sabor.","breadcrumb":{"@id":"https:\/\/nomen.es\/ca\/plats-ideals-arros-bomba\/#breadcrumb"},"inLanguage":"ca","potentialAction":[{"@type":"ReadAction","target":["https:\/\/nomen.es\/ca\/plats-ideals-arros-bomba\/"]}]},{"@type":"ImageObject","inLanguage":"ca","@id":"https:\/\/nomen.es\/ca\/plats-ideals-arros-bomba\/#primaryimage","url":"https:\/\/nomen.es\/wp-content\/uploads\/2018\/05\/N_2018.05_articulo_arroz_bomba_web.jpg","contentUrl":"https:\/\/nomen.es\/wp-content\/uploads\/2018\/05\/N_2018.05_articulo_arroz_bomba_web.jpg","width":900,"height":600},{"@type":"BreadcrumbList","@id":"https:\/\/nomen.es\/ca\/plats-ideals-arros-bomba\/#breadcrumb","itemListElement":[{"@type":"ListItem","position":1,"name":"Portada","item":"https:\/\/nomen.es\/ca\/"},{"@type":"ListItem","position":2,"name":"Plats ideals amb arr\u00f2s bomba"}]},{"@type":"WebSite","@id":"https:\/\/nomen.es\/#website","url":"https:\/\/nomen.es\/","name":"Nomen","description":"Mucho m\u00e1s que arroz","potentialAction":[{"@type":"SearchAction","target":{"@type":"EntryPoint","urlTemplate":"https:\/\/nomen.es\/?s={search_term_string}"},"query-input":{"@type":"PropertyValueSpecification","valueRequired":true,"valueName":"search_term_string"}}],"inLanguage":"ca"},{"@type":"Person","@id":"https:\/\/nomen.es\/#\/schema\/person\/e05dca4ee822516d2b98d8c40d7c7936","name":"Nomen","image":{"@type":"ImageObject","inLanguage":"ca","@id":"https:\/\/secure.gravatar.com\/avatar\/9706332b7e0d915e91c32e7737d8b5aea989a8aa0f5a11d27cdf2acb64563170?s=96&d=mm&r=g","url":"https:\/\/secure.gravatar.com\/avatar\/9706332b7e0d915e91c32e7737d8b5aea989a8aa0f5a11d27cdf2acb64563170?s=96&d=mm&r=g","contentUrl":"https:\/\/secure.gravatar.com\/avatar\/9706332b7e0d915e91c32e7737d8b5aea989a8aa0f5a11d27cdf2acb64563170?s=96&d=mm&r=g","caption":"Nomen"}}]}},"_links":{"self":[{"href":"https:\/\/nomen.es\/ca\/wp-json\/wp\/v2\/posts\/6590","targetHints":{"allow":["GET"]}}],"collection":[{"href":"https:\/\/nomen.es\/ca\/wp-json\/wp\/v2\/posts"}],"about":[{"href":"https:\/\/nomen.es\/ca\/wp-json\/wp\/v2\/types\/post"}],"author":[{"embeddable":true,"href":"https:\/\/nomen.es\/ca\/wp-json\/wp\/v2\/users\/2"}],"replies":[{"embeddable":true,"href":"https:\/\/nomen.es\/ca\/wp-json\/wp\/v2\/comments?post=6590"}],"version-history":[{"count":0,"href":"https:\/\/nomen.es\/ca\/wp-json\/wp\/v2\/posts\/6590\/revisions"}],"wp:featuredmedia":[{"embeddable":true,"href":"https:\/\/nomen.es\/ca\/wp-json\/wp\/v2\/media\/6586"}],"wp:attachment":[{"href":"https:\/\/nomen.es\/ca\/wp-json\/wp\/v2\/media?parent=6590"}],"wp:term":[{"taxonomy":"category","embeddable":true,"href":"https:\/\/nomen.es\/ca\/wp-json\/wp\/v2\/categories?post=6590"},{"taxonomy":"post_tag","embeddable":true,"href":"https:\/\/nomen.es\/ca\/wp-json\/wp\/v2\/tags?post=6590"}],"curies":[{"name":"wp","href":"https:\/\/api.w.org\/{rel}","templated":true}]}}