{"id":7082,"date":"2018-06-25T08:00:45","date_gmt":"2018-06-25T06:00:45","guid":{"rendered":"https:\/\/nomen.es\/?p=7082\/"},"modified":"2018-06-22T12:01:23","modified_gmt":"2018-06-22T10:01:23","slug":"estiu-plats","status":"publish","type":"post","link":"https:\/\/nomen.es\/ca\/estiu-plats\/","title":{"rendered":"Ja arriba l\u2019estiu, d\u00f3na\u2019ls-hi color als teus plats"},"content":{"rendered":"<p>L&#8217;estiu ja es aqu\u00ed! Arriba el bon temps, la calor, els dies llargs, les tardes de piscina, els vermuts a la platja amb amics o fam\u00edlia &#8230; Per\u00f2, aix\u00f2 no \u00e9s tot! Els mesos d&#8217;estiu tamb\u00e9 t&#8217;ofereixen una \u00e0mplia varietat de <a href=\"https:\/\/nomen.es\/ca\/aliments-destiu\/\">productes de temporada<\/a>, plens de color, sabor i textura. Avui, a Nomen, et proposem genials i saboroses ideals per donar-li color als teus menjars i per aprofitar al m\u00e0xim els beneficis dels aliments estiuencs. Segueix llegint!<\/p>\n<p>&nbsp;<\/p>\n<h2>Receptes amb fruita per donar-li color als teus \u00e0pats d&#8217;estiu<\/h2>\n<p>&nbsp;<\/p>\n<ul>\n<li><strong>Amanida de pasta<\/strong>: En aquesta \u00e8poca de l&#8217;any, les amanides de pasta s\u00f3n un dels productes estrella tant per portar a la platja, com per a un dia de p\u00edcnic o simplement per un bon \u00e0pat a casa. Qu\u00e8 et sembla si portes una miqueta m\u00e9s enll\u00e0 el teu plat i li afegeixes unes acolorides fruites d&#8217;estiu? Prova a incorporar, per exemple, pinya i maduixa, veur\u00e0s que toc m\u00e9s refrescant li aporten.<\/li>\n<\/ul>\n<p>&nbsp;<\/p>\n<ul>\n<li><strong>Arr\u00f2s salvatge amb mango<\/strong>: El mango \u00e9s una fruita caracter\u00edstica de finals d&#8217;estiu, amb un sabor \u00fanic i una textura incre\u00efble que pot encaixar en infinitat de receptes. Afegeix-li al teu <a href=\"https:\/\/nomen.es\/ca\/arros\/arros-salvatge-nomen\/\">arr\u00f2s salvatge Nomen<\/a>, unes tires de mango, tom\u00e0quets cherry, daus de pit de gall d\u2019indi i ruca. Atreveix-te amb aquesta espectacular barreja de sabors!<\/li>\n<\/ul>\n<p>&nbsp;<\/p>\n<ul>\n<li><strong>Broquetes de mel\u00f3 amb pernil i formatge fresc<\/strong>: Del cl\u00e0ssic mel\u00f3 amb pernil &#8230; arriba la broqueta de mel\u00f3 amb pernil i formatge fresc!, una alternativa innovadora i divertida. Per preparar-les, talla a daus el mel\u00f3 i el formatge fresc, plega cadascun dels talls de pernil i intercala en la punxa els tres ingredients com m\u00e9s t&#8217;agradi.<\/li>\n<\/ul>\n<p>&nbsp;<\/p>\n<ul>\n<li><strong>Amanida de formatge de cabra i gerds<\/strong>: Per preparar aquesta apetitosa amanida tan sols necessitar\u00e0s una barreja d&#8217;enciams, ruca i canonges, formatge de cabra tallat a rodanxes, un grapadet de nous i de gerds, i unes culleradetes de melmelada de tom\u00e0quet. \u00a1Els gerds no s\u00f3n \u00fanicament per les postres!<\/li>\n<\/ul>\n<p>&nbsp;<\/p>\n<ul>\n<li><strong>Gaspatxo de s\u00edndria<\/strong>: T&#8217;encanta la s\u00edndria i encara no has provat el gaspatxo de s\u00edndria? Per preparar-lo necessitar\u00e0s: s\u00edndria sense llavors, tom\u00e0quet, ceba, cogombre, pebrot vermell i oli d&#8217;oliva verge extra. Una opci\u00f3 refrescant i plena de vitamines!<\/li>\n<\/ul>\n<p>&nbsp;<\/p>\n<ul>\n<li><strong>Amanida amb quinoa, alvocat i albercoc<\/strong>: Cansat de les cl\u00e0ssiques amanides verdes? Afegeix-li al teu mix d&#8217;enciams una mica de <a href=\"https:\/\/nomen.es\/ca\/gran-sl\/les-teves-receptes-amb-quinoa\/\">quinoa Nomen<\/a>, un grapadet de nous, daus de formatge feta, uns quants tom\u00e0quets cherry, un alvocat i un parell d&#8217;albercocs. Una combinaci\u00f3 de color i sabor perfecta per sortir de la rutina d&#8217;amanides.<\/li>\n<\/ul>\n<p>&nbsp;<\/p>\n<ul>\n<li><strong>Mousse de iogurt i pr\u00e9ssec<\/strong>: Arriba la temporada de pr\u00e9ssec i qu\u00e8 millor manera d&#8217;aprofitar-la que preparant una deliciosa mousse de iogurt? L&#8217;elaboraci\u00f3 \u00e9s molt senzilla: bat un iogurt crem\u00f3s amb 2 cullerades de sucre mor\u00e8, 2 cullerades de nata l\u00edquida per muntar i una clara d&#8217;ou muntada. Per barrejar, fes moviments suaus i envoltants: s\u2019han d&#8217;integrar tots els ingredients per\u00f2 que el punt de neu no ha de baixar. Si ho barreges de baix cap amunt pot resultar-te m\u00e9s f\u00e0cil i pr\u00e0ctic. A continuaci\u00f3, pela el pr\u00e9ssec i talla-ho en petits daus. Cobreix amb els trossos de pr\u00e9ssec la base del teu bol i s&#8217;aboca, poc a poc, la barreja de iogurt. Guarda-ho a la nevera durant aproximadament 1 horeta i, llest!<\/li>\n<\/ul>\n<p>&nbsp;<\/p>\n<p>Gaudeix de totes les coses bones de la fruita en aquestes meravelloses receptes estiuenques!<\/p>\n","protected":false},"excerpt":{"rendered":"<p>L&#8217;estiu ja es aqu\u00ed! Arriba el bon temps, la calor, els dies llargs, les tardes de piscina, els vermuts a la platja amb amics o fam\u00edlia &#8230; Per\u00f2, aix\u00f2 no \u00e9s tot! Els mesos d&#8217;estiu tamb\u00e9 t&#8217;ofereixen una \u00e0mplia varietat de productes de temporada, plens de color, sabor i textura. Avui, a Nomen, et proposem [&hellip;]<\/p>\n","protected":false},"author":2,"featured_media":7072,"comment_status":"open","ping_status":"open","sticky":false,"template":"","format":"standard","meta":{"_acf_changed":false,"_et_pb_use_builder":"","_et_pb_old_content":"","_et_gb_content_width":"","inline_featured_image":false,"footnotes":""},"categories":[146],"tags":[],"class_list":["post-7082","post","type-post","status-publish","format-standard","has-post-thumbnail","hentry","category-cuina"],"acf":[],"yoast_head":"<!-- This site is optimized with the Yoast SEO plugin v27.4 - https:\/\/yoast.com\/product\/yoast-seo-wordpress\/ -->\n<title>Ja arriba l&#039;estiu, d\u00f3na&#039;ls-hi color als teus plats<\/title>\n<meta name=\"description\" content=\"L&#039;estiu ja es aqu\u00ed! Arriba el bon temps, la calor, els dies llargs, les tardes de piscina, els vermuts a la platja amb amics o fam\u00edlia ... Per\u00f2, aix\u00f2 no \u00e9s tot! Els mesos d&#039;estiu tamb\u00e9 t&#039;ofereixen una \u00e0mplia varietat de productes de temporada, plens de color, sabor i textura.\" \/>\n<meta name=\"robots\" content=\"index, follow, max-snippet:-1, max-image-preview:large, max-video-preview:-1\" \/>\n<link rel=\"canonical\" href=\"https:\/\/nomen.es\/verano-color-comidas\/\" \/>\n<meta property=\"og:locale\" content=\"ca_ES\" \/>\n<meta property=\"og:type\" content=\"article\" \/>\n<meta property=\"og:title\" content=\"Ja arriba l&#039;estiu, d\u00f3na&#039;ls-hi color als teus plats\" \/>\n<meta property=\"og:description\" content=\"L&#039;estiu ja es aqu\u00ed! Arriba el bon temps, la calor, els dies llargs, les tardes de piscina, els vermuts a la platja amb amics o fam\u00edlia ... Per\u00f2, aix\u00f2 no \u00e9s tot! Els mesos d&#039;estiu tamb\u00e9 t&#039;ofereixen una \u00e0mplia varietat de productes de temporada, plens de color, sabor i textura.\" \/>\n<meta property=\"og:url\" content=\"https:\/\/nomen.es\/verano-color-comidas\/\" \/>\n<meta property=\"og:site_name\" content=\"Nomen\" \/>\n<meta property=\"article:published_time\" content=\"2018-06-25T06:00:45+00:00\" \/>\n<meta property=\"og:image\" content=\"https:\/\/nomen.es\/wp-content\/uploads\/2018\/06\/N_2018.06_articulo_se_acerca_verano_linkFB.jpg\" \/>\n\t<meta property=\"og:image:width\" content=\"1200\" \/>\n\t<meta property=\"og:image:height\" content=\"625\" \/>\n\t<meta property=\"og:image:type\" content=\"image\/jpeg\" \/>\n<meta name=\"author\" content=\"Nomen\" \/>\n<meta name=\"twitter:label1\" content=\"Escrit per\" \/>\n\t<meta name=\"twitter:data1\" content=\"Nomen\" \/>\n\t<meta name=\"twitter:label2\" content=\"Temps estimat de lectura\" \/>\n\t<meta name=\"twitter:data2\" content=\"3 minuts\" \/>\n<script type=\"application\/ld+json\" class=\"yoast-schema-graph\">{\"@context\":\"https:\\\/\\\/schema.org\",\"@graph\":[{\"@type\":\"Article\",\"@id\":\"https:\\\/\\\/nomen.es\\\/verano-color-comidas\\\/#article\",\"isPartOf\":{\"@id\":\"https:\\\/\\\/nomen.es\\\/verano-color-comidas\\\/\"},\"author\":{\"name\":\"Nomen\",\"@id\":\"https:\\\/\\\/nomen.es\\\/#\\\/schema\\\/person\\\/e05dca4ee822516d2b98d8c40d7c7936\"},\"headline\":\"Ja arriba l\u2019estiu, d\u00f3na\u2019ls-hi color als teus plats\",\"datePublished\":\"2018-06-25T06:00:45+00:00\",\"mainEntityOfPage\":{\"@id\":\"https:\\\/\\\/nomen.es\\\/verano-color-comidas\\\/\"},\"wordCount\":618,\"commentCount\":0,\"image\":{\"@id\":\"https:\\\/\\\/nomen.es\\\/verano-color-comidas\\\/#primaryimage\"},\"thumbnailUrl\":\"https:\\\/\\\/nomen.es\\\/wp-content\\\/uploads\\\/2018\\\/06\\\/N_2018.06_articulo_se_acerca_verano_web.jpg\",\"articleSection\":[\"Cuina\"],\"inLanguage\":\"ca\",\"potentialAction\":[{\"@type\":\"CommentAction\",\"name\":\"Comment\",\"target\":[\"https:\\\/\\\/nomen.es\\\/verano-color-comidas\\\/#respond\"]}]},{\"@type\":\"WebPage\",\"@id\":\"https:\\\/\\\/nomen.es\\\/verano-color-comidas\\\/\",\"url\":\"https:\\\/\\\/nomen.es\\\/verano-color-comidas\\\/\",\"name\":\"Ja arriba l'estiu, d\u00f3na'ls-hi color als teus plats\",\"isPartOf\":{\"@id\":\"https:\\\/\\\/nomen.es\\\/#website\"},\"primaryImageOfPage\":{\"@id\":\"https:\\\/\\\/nomen.es\\\/verano-color-comidas\\\/#primaryimage\"},\"image\":{\"@id\":\"https:\\\/\\\/nomen.es\\\/verano-color-comidas\\\/#primaryimage\"},\"thumbnailUrl\":\"https:\\\/\\\/nomen.es\\\/wp-content\\\/uploads\\\/2018\\\/06\\\/N_2018.06_articulo_se_acerca_verano_web.jpg\",\"datePublished\":\"2018-06-25T06:00:45+00:00\",\"author\":{\"@id\":\"https:\\\/\\\/nomen.es\\\/#\\\/schema\\\/person\\\/e05dca4ee822516d2b98d8c40d7c7936\"},\"description\":\"L'estiu ja es aqu\u00ed! Arriba el bon temps, la calor, els dies llargs, les tardes de piscina, els vermuts a la platja amb amics o fam\u00edlia ... Per\u00f2, aix\u00f2 no \u00e9s tot! Els mesos d'estiu tamb\u00e9 t'ofereixen una \u00e0mplia varietat de productes de temporada, plens de color, sabor i textura.\",\"breadcrumb\":{\"@id\":\"https:\\\/\\\/nomen.es\\\/verano-color-comidas\\\/#breadcrumb\"},\"inLanguage\":\"ca\",\"potentialAction\":[{\"@type\":\"ReadAction\",\"target\":[\"https:\\\/\\\/nomen.es\\\/verano-color-comidas\\\/\"]}]},{\"@type\":\"ImageObject\",\"inLanguage\":\"ca\",\"@id\":\"https:\\\/\\\/nomen.es\\\/verano-color-comidas\\\/#primaryimage\",\"url\":\"https:\\\/\\\/nomen.es\\\/wp-content\\\/uploads\\\/2018\\\/06\\\/N_2018.06_articulo_se_acerca_verano_web.jpg\",\"contentUrl\":\"https:\\\/\\\/nomen.es\\\/wp-content\\\/uploads\\\/2018\\\/06\\\/N_2018.06_articulo_se_acerca_verano_web.jpg\",\"width\":900,\"height\":600},{\"@type\":\"BreadcrumbList\",\"@id\":\"https:\\\/\\\/nomen.es\\\/verano-color-comidas\\\/#breadcrumb\",\"itemListElement\":[{\"@type\":\"ListItem\",\"position\":1,\"name\":\"Portada\",\"item\":\"https:\\\/\\\/nomen.es\\\/ca\\\/\"},{\"@type\":\"ListItem\",\"position\":2,\"name\":\"Ja arriba l\u2019estiu, d\u00f3na\u2019ls-hi color als teus plats\"}]},{\"@type\":\"WebSite\",\"@id\":\"https:\\\/\\\/nomen.es\\\/#website\",\"url\":\"https:\\\/\\\/nomen.es\\\/\",\"name\":\"Nomen\",\"description\":\"Mucho m\u00e1s que arroz\",\"potentialAction\":[{\"@type\":\"SearchAction\",\"target\":{\"@type\":\"EntryPoint\",\"urlTemplate\":\"https:\\\/\\\/nomen.es\\\/?s={search_term_string}\"},\"query-input\":{\"@type\":\"PropertyValueSpecification\",\"valueRequired\":true,\"valueName\":\"search_term_string\"}}],\"inLanguage\":\"ca\"},{\"@type\":\"Person\",\"@id\":\"https:\\\/\\\/nomen.es\\\/#\\\/schema\\\/person\\\/e05dca4ee822516d2b98d8c40d7c7936\",\"name\":\"Nomen\",\"image\":{\"@type\":\"ImageObject\",\"inLanguage\":\"ca\",\"@id\":\"https:\\\/\\\/secure.gravatar.com\\\/avatar\\\/9706332b7e0d915e91c32e7737d8b5aea989a8aa0f5a11d27cdf2acb64563170?s=96&d=mm&r=g\",\"url\":\"https:\\\/\\\/secure.gravatar.com\\\/avatar\\\/9706332b7e0d915e91c32e7737d8b5aea989a8aa0f5a11d27cdf2acb64563170?s=96&d=mm&r=g\",\"contentUrl\":\"https:\\\/\\\/secure.gravatar.com\\\/avatar\\\/9706332b7e0d915e91c32e7737d8b5aea989a8aa0f5a11d27cdf2acb64563170?s=96&d=mm&r=g\",\"caption\":\"Nomen\"}}]}<\/script>\n<!-- \/ Yoast SEO plugin. -->","yoast_head_json":{"title":"Ja arriba l'estiu, d\u00f3na'ls-hi color als teus plats","description":"L'estiu ja es aqu\u00ed! Arriba el bon temps, la calor, els dies llargs, les tardes de piscina, els vermuts a la platja amb amics o fam\u00edlia ... Per\u00f2, aix\u00f2 no \u00e9s tot! Els mesos d'estiu tamb\u00e9 t'ofereixen una \u00e0mplia varietat de productes de temporada, plens de color, sabor i textura.","robots":{"index":"index","follow":"follow","max-snippet":"max-snippet:-1","max-image-preview":"max-image-preview:large","max-video-preview":"max-video-preview:-1"},"canonical":"https:\/\/nomen.es\/verano-color-comidas\/","og_locale":"ca_ES","og_type":"article","og_title":"Ja arriba l'estiu, d\u00f3na'ls-hi color als teus plats","og_description":"L'estiu ja es aqu\u00ed! Arriba el bon temps, la calor, els dies llargs, les tardes de piscina, els vermuts a la platja amb amics o fam\u00edlia ... Per\u00f2, aix\u00f2 no \u00e9s tot! Els mesos d'estiu tamb\u00e9 t'ofereixen una \u00e0mplia varietat de productes de temporada, plens de color, sabor i textura.","og_url":"https:\/\/nomen.es\/verano-color-comidas\/","og_site_name":"Nomen","article_published_time":"2018-06-25T06:00:45+00:00","og_image":[{"width":1200,"height":625,"url":"https:\/\/nomen.es\/wp-content\/uploads\/2018\/06\/N_2018.06_articulo_se_acerca_verano_linkFB.jpg","type":"image\/jpeg"}],"author":"Nomen","twitter_misc":{"Escrit per":"Nomen","Temps estimat de lectura":"3 minuts"},"schema":{"@context":"https:\/\/schema.org","@graph":[{"@type":"Article","@id":"https:\/\/nomen.es\/verano-color-comidas\/#article","isPartOf":{"@id":"https:\/\/nomen.es\/verano-color-comidas\/"},"author":{"name":"Nomen","@id":"https:\/\/nomen.es\/#\/schema\/person\/e05dca4ee822516d2b98d8c40d7c7936"},"headline":"Ja arriba l\u2019estiu, d\u00f3na\u2019ls-hi color als teus plats","datePublished":"2018-06-25T06:00:45+00:00","mainEntityOfPage":{"@id":"https:\/\/nomen.es\/verano-color-comidas\/"},"wordCount":618,"commentCount":0,"image":{"@id":"https:\/\/nomen.es\/verano-color-comidas\/#primaryimage"},"thumbnailUrl":"https:\/\/nomen.es\/wp-content\/uploads\/2018\/06\/N_2018.06_articulo_se_acerca_verano_web.jpg","articleSection":["Cuina"],"inLanguage":"ca","potentialAction":[{"@type":"CommentAction","name":"Comment","target":["https:\/\/nomen.es\/verano-color-comidas\/#respond"]}]},{"@type":"WebPage","@id":"https:\/\/nomen.es\/verano-color-comidas\/","url":"https:\/\/nomen.es\/verano-color-comidas\/","name":"Ja arriba l'estiu, d\u00f3na'ls-hi color als teus plats","isPartOf":{"@id":"https:\/\/nomen.es\/#website"},"primaryImageOfPage":{"@id":"https:\/\/nomen.es\/verano-color-comidas\/#primaryimage"},"image":{"@id":"https:\/\/nomen.es\/verano-color-comidas\/#primaryimage"},"thumbnailUrl":"https:\/\/nomen.es\/wp-content\/uploads\/2018\/06\/N_2018.06_articulo_se_acerca_verano_web.jpg","datePublished":"2018-06-25T06:00:45+00:00","author":{"@id":"https:\/\/nomen.es\/#\/schema\/person\/e05dca4ee822516d2b98d8c40d7c7936"},"description":"L'estiu ja es aqu\u00ed! Arriba el bon temps, la calor, els dies llargs, les tardes de piscina, els vermuts a la platja amb amics o fam\u00edlia ... Per\u00f2, aix\u00f2 no \u00e9s tot! Els mesos d'estiu tamb\u00e9 t'ofereixen una \u00e0mplia varietat de productes de temporada, plens de color, sabor i textura.","breadcrumb":{"@id":"https:\/\/nomen.es\/verano-color-comidas\/#breadcrumb"},"inLanguage":"ca","potentialAction":[{"@type":"ReadAction","target":["https:\/\/nomen.es\/verano-color-comidas\/"]}]},{"@type":"ImageObject","inLanguage":"ca","@id":"https:\/\/nomen.es\/verano-color-comidas\/#primaryimage","url":"https:\/\/nomen.es\/wp-content\/uploads\/2018\/06\/N_2018.06_articulo_se_acerca_verano_web.jpg","contentUrl":"https:\/\/nomen.es\/wp-content\/uploads\/2018\/06\/N_2018.06_articulo_se_acerca_verano_web.jpg","width":900,"height":600},{"@type":"BreadcrumbList","@id":"https:\/\/nomen.es\/verano-color-comidas\/#breadcrumb","itemListElement":[{"@type":"ListItem","position":1,"name":"Portada","item":"https:\/\/nomen.es\/ca\/"},{"@type":"ListItem","position":2,"name":"Ja arriba l\u2019estiu, d\u00f3na\u2019ls-hi color als teus plats"}]},{"@type":"WebSite","@id":"https:\/\/nomen.es\/#website","url":"https:\/\/nomen.es\/","name":"Nomen","description":"Mucho m\u00e1s que arroz","potentialAction":[{"@type":"SearchAction","target":{"@type":"EntryPoint","urlTemplate":"https:\/\/nomen.es\/?s={search_term_string}"},"query-input":{"@type":"PropertyValueSpecification","valueRequired":true,"valueName":"search_term_string"}}],"inLanguage":"ca"},{"@type":"Person","@id":"https:\/\/nomen.es\/#\/schema\/person\/e05dca4ee822516d2b98d8c40d7c7936","name":"Nomen","image":{"@type":"ImageObject","inLanguage":"ca","@id":"https:\/\/secure.gravatar.com\/avatar\/9706332b7e0d915e91c32e7737d8b5aea989a8aa0f5a11d27cdf2acb64563170?s=96&d=mm&r=g","url":"https:\/\/secure.gravatar.com\/avatar\/9706332b7e0d915e91c32e7737d8b5aea989a8aa0f5a11d27cdf2acb64563170?s=96&d=mm&r=g","contentUrl":"https:\/\/secure.gravatar.com\/avatar\/9706332b7e0d915e91c32e7737d8b5aea989a8aa0f5a11d27cdf2acb64563170?s=96&d=mm&r=g","caption":"Nomen"}}]}},"_links":{"self":[{"href":"https:\/\/nomen.es\/ca\/wp-json\/wp\/v2\/posts\/7082","targetHints":{"allow":["GET"]}}],"collection":[{"href":"https:\/\/nomen.es\/ca\/wp-json\/wp\/v2\/posts"}],"about":[{"href":"https:\/\/nomen.es\/ca\/wp-json\/wp\/v2\/types\/post"}],"author":[{"embeddable":true,"href":"https:\/\/nomen.es\/ca\/wp-json\/wp\/v2\/users\/2"}],"replies":[{"embeddable":true,"href":"https:\/\/nomen.es\/ca\/wp-json\/wp\/v2\/comments?post=7082"}],"version-history":[{"count":0,"href":"https:\/\/nomen.es\/ca\/wp-json\/wp\/v2\/posts\/7082\/revisions"}],"wp:featuredmedia":[{"embeddable":true,"href":"https:\/\/nomen.es\/ca\/wp-json\/wp\/v2\/media\/7072"}],"wp:attachment":[{"href":"https:\/\/nomen.es\/ca\/wp-json\/wp\/v2\/media?parent=7082"}],"wp:term":[{"taxonomy":"category","embeddable":true,"href":"https:\/\/nomen.es\/ca\/wp-json\/wp\/v2\/categories?post=7082"},{"taxonomy":"post_tag","embeddable":true,"href":"https:\/\/nomen.es\/ca\/wp-json\/wp\/v2\/tags?post=7082"}],"curies":[{"name":"wp","href":"https:\/\/api.w.org\/{rel}","templated":true}]}}