{"id":7250,"date":"2018-07-20T13:27:49","date_gmt":"2018-07-20T11:27:49","guid":{"rendered":"https:\/\/nomen.es\/?p=7250\/"},"modified":"2018-07-20T13:27:49","modified_gmt":"2018-07-20T11:27:49","slug":"fruites-verdures-estiu","status":"publish","type":"post","link":"https:\/\/nomen.es\/ca\/fruites-verdures-estiu\/","title":{"rendered":"Fruites i verdures d\u2019estiu"},"content":{"rendered":"<p>Ja estem en ple estiu! Ja ha arribat la calor, el bon temps, les hores de descans a l&#8217;aire lliure, a la piscina, a prop del mar o de la muntanya i les ganes de gaudir de les vacances. \u00c9s moment d&#8217;obrir-li les portes a les fruites i verdures d&#8217;estiu, al seu delici\u00f3s sabor i les seves precioses i cridaneres tonalitats vermelloses, ataronjades i amb verd intens. Si vols saber m\u00e9s sobre aquests aliments i con\u00e8ixer les seves caracter\u00edstiques i propietats nutricionals, no deixis de llegir!<\/p>\n<p>&nbsp;<\/p>\n<h2>Remolatxa<\/h2>\n<p>La remolatxa \u00e9s una arrel de color violeta i forma arrodonida, que pertany a la fam\u00edlia de les quenopodi\u00e0cies, igual que els espinacs i les bledes. T\u00e9 un sabor dol\u00e7 peculiar pel fet que, al ser una arrel, els sucres s&#8217;acumulen en ella. <strong>A m\u00e9s de ser rica en sucres, t\u00e9 un contingut destacable en vitamina C<\/strong>, que contribueix a la formaci\u00f3 normal de col\u00b7lagen pel funcionament normal de la pell, en <strong>\u00e0cid f\u00f2lic, potassi i fibra<\/strong>.<\/p>\n<p>Antigament \u00fanicament es consumien les fulles, l&#8217;arrel era utilitzada com a medicina, fins que m\u00e9s a davant, sobretot a Anglaterra i Alemanya, es va comen\u00e7ar a introduir de forma m\u00e9s estesa. Sol conrear-se en zones costaneres, com la costa del nord d&#8217;\u00c0frica i a Andalusia. Actualment el seu consum est\u00e0 molt va est\u00e8s, sobretot en pa\u00efsos temperats.<\/p>\n<p>&nbsp;<\/p>\n<h2>Mongeta tendra<\/h2>\n<p>Les mongetes verdes s\u00f3n el fruit immadur de la planta lleguminosa de la mongeta, poden variar en color i forma. Creixen d&#8217;una planta enfiladissa que pot arribar als 3 metres. Encara que avui dia pots trobar-les durant tot l&#8217;any, la veritat \u00e9s que es tracta d&#8217;una fruita caracter\u00edstica d&#8217;estiu, mesos en qu\u00e8 el seu sabor i textura es troben \u00e9s el seu millor moment. <strong>Les mongetes tendres contenen vitamina A, vitamina C, \u00e0cid f\u00f2lic, iode i potassi a m\u00e9s de fibra<\/strong>.<\/p>\n<p>&nbsp;<\/p>\n<h2>Albercoc<\/h2>\n<p>L&#8217;albercoc \u00e9s una fruita amb una forma arrodonida i pell vellutada. La seva carn \u00e9s de sabor dol\u00e7 i suc\u00f3s, per\u00f2 quan esta molt madur seva textura passa a ser mes farinosa. \u00c9s originari de Corea del Nord i Manchuria, encara que les primeres refer\u00e8ncies de cultiu van ser a la Xina. Actualment, tot i que el trobem gaireb\u00e9 per tot el m\u00f3n, la principal producci\u00f3 d&#8217;albercocs es fa a la conca mediterr\u00e0nia. Aquest fruit cont\u00e9, <strong>fibra, potassi vitamina C i carotens<\/strong>, i en menor proporci\u00f3, encara que tamb\u00e9 en quantitats importants, magnesi i calci. A m\u00e9s, aporta <strong>\u00e0cids org\u00e0nics com el m\u00e0lic i el c\u00edtric<\/strong> que, entre altres funcions, potencien l&#8217;acci\u00f3 de la vitamina C, tot i que disminueixen a mesura que l&#8217;albercoc va madurant.<\/p>\n<p>&nbsp;<\/p>\n<h2>Pr\u00e9ssec<\/h2>\n<p>El pr\u00e9ssec pertany a la fam\u00edlia de les ros\u00e0cies, \u00e9s de color groc ataronjat amb tonalitats vermelloses. Procedeix de la Xina septentrional, on era considerat un s\u00edmbol de fecunditat. Es poden trobar m\u00e9s de dos mil varietats de pr\u00e9ssec, com la nectarina, que \u00e9s una variant amb pell no vellosa. <strong>Destaca el seu contingut en vitamina C, betacarotens i potassi<\/strong>. Ara que ha arribat el bon temps, el pr\u00e9ssec \u00e9s una opci\u00f3 ideal per\u00f2 no nom\u00e9s com a pe\u00e7a sencera, tamb\u00e9 \u00e9s fant\u00e0stic per donar-li color i sabor a les amanides, per preparar delicioses postres, refrescants batuts &#8230;<\/p>\n<p>&nbsp;<\/p>\n<h2>Mel\u00f3<\/h2>\n<p>Sabies que en grec mel\u00f3 vol dir poma gran? El mel\u00f3 \u00e9s el fruit de la melonera. Hi ha diferents varietats, amb formes, colors i sabors diferents. <strong>\u00c9s molt ric en vitamina C<\/strong>, 100 grams de mel\u00f3 sense crosta poden contenir la meitat de la quantitat que necessita el nostre cos en un dia, i al costat de la taronja, \u00e9s una de les fruites amb m\u00e9s contingut d&#8217;\u00e0cid f\u00f2lic. <strong>Tamb\u00e9 destaca el contingut en provitamina A, principalment de betacarotens<\/strong>, el contingut d&#8217;aquests s&#8217;incrementa en els melons de polpa ataronjada. <strong>Pel que fa a minerals \u00e9s ric en potassi, i es poden destacar les quantitats de f\u00f2sfor, ferro i magnesi.<\/strong><\/p>\n<p><strong>\u00a0<\/strong><\/p>\n<p>Aix\u00ed que no dubtis en aprofitar tots els beneficis que aporten les fruites i verdures de temporada!<\/p>\n","protected":false},"excerpt":{"rendered":"<p>Ja estem en ple estiu! Ja ha arribat la calor, el bon temps, les hores de descans a l&#8217;aire lliure, a la piscina, a prop del mar o de la muntanya i les ganes de gaudir de les vacances. \u00c9s moment d&#8217;obrir-li les portes a les fruites i verdures d&#8217;estiu, al seu delici\u00f3s sabor i [&hellip;]<\/p>\n","protected":false},"author":2,"featured_media":7248,"comment_status":"open","ping_status":"open","sticky":false,"template":"","format":"standard","meta":{"_acf_changed":false,"_et_pb_use_builder":"","_et_pb_old_content":"","_et_gb_content_width":"","inline_featured_image":false,"footnotes":""},"categories":[89],"tags":[],"class_list":["post-7250","post","type-post","status-publish","format-standard","has-post-thumbnail","hentry","category-aliments-de-temporada"],"acf":[],"yoast_head":"<!-- This site is optimized with the Yoast SEO plugin v27.4 - https:\/\/yoast.com\/product\/yoast-seo-wordpress\/ -->\n<title>Fruites i verdures d&#039;estiu: Aliments de temporada - Blog Nomen<\/title>\n<meta name=\"description\" content=\"Ja estem en ple estiu! Ja ha arribat la calor, el bon temps, les hores de descans a l&#039;aire lliure, a la piscina o a prop del mar. \u00c9s moment d&#039;obrir-li les portes a les fruites i verdures d&#039;estiu, al seu delici\u00f3s sabor i les seves precioses i cridaneres tonalitats vermelloses, ataronjades i amb verd intens.\" \/>\n<meta name=\"robots\" content=\"index, follow, max-snippet:-1, max-image-preview:large, max-video-preview:-1\" \/>\n<link rel=\"canonical\" href=\"https:\/\/nomen.es\/ca\/fruites-verdures-estiu\/\" \/>\n<meta property=\"og:locale\" content=\"ca_ES\" \/>\n<meta property=\"og:type\" content=\"article\" \/>\n<meta property=\"og:title\" content=\"Fruites i verdures d&#039;estiu - Blog Nomen\" \/>\n<meta property=\"og:description\" content=\"Ja estem en ple estiu! Ja ha arribat la calor, el bon temps, les hores de descans a l&#039;aire lliure, a la piscina o a prop del mar. \u00c9s moment d&#039;obrir-li les portes a les fruites i verdures d&#039;estiu, al seu delici\u00f3s sabor i les seves precioses i cridaneres tonalitats vermelloses, ataronjades i amb verd intens.\" \/>\n<meta property=\"og:url\" content=\"https:\/\/nomen.es\/ca\/fruites-verdures-estiu\/\" \/>\n<meta property=\"og:site_name\" content=\"Nomen\" \/>\n<meta property=\"article:published_time\" content=\"2018-07-20T11:27:49+00:00\" \/>\n<meta property=\"og:image\" content=\"https:\/\/nomen.es\/wp-content\/uploads\/2018\/07\/N_2018.07_articulo_frutas_y_verduras_verano_linkFB.jpg\" \/>\n\t<meta property=\"og:image:width\" content=\"1200\" \/>\n\t<meta property=\"og:image:height\" content=\"625\" \/>\n\t<meta property=\"og:image:type\" content=\"image\/jpeg\" \/>\n<meta name=\"author\" content=\"Nomen\" \/>\n<meta name=\"twitter:label1\" content=\"Escrit per\" \/>\n\t<meta name=\"twitter:data1\" content=\"Nomen\" \/>\n\t<meta name=\"twitter:label2\" content=\"Temps estimat de lectura\" \/>\n\t<meta name=\"twitter:data2\" content=\"4 minuts\" \/>\n<script type=\"application\/ld+json\" class=\"yoast-schema-graph\">{\"@context\":\"https:\\\/\\\/schema.org\",\"@graph\":[{\"@type\":\"Article\",\"@id\":\"https:\\\/\\\/nomen.es\\\/ca\\\/fruites-verdures-estiu\\\/#article\",\"isPartOf\":{\"@id\":\"https:\\\/\\\/nomen.es\\\/ca\\\/fruites-verdures-estiu\\\/\"},\"author\":{\"name\":\"Nomen\",\"@id\":\"https:\\\/\\\/nomen.es\\\/#\\\/schema\\\/person\\\/e05dca4ee822516d2b98d8c40d7c7936\"},\"headline\":\"Fruites i verdures d\u2019estiu\",\"datePublished\":\"2018-07-20T11:27:49+00:00\",\"mainEntityOfPage\":{\"@id\":\"https:\\\/\\\/nomen.es\\\/ca\\\/fruites-verdures-estiu\\\/\"},\"wordCount\":722,\"commentCount\":0,\"image\":{\"@id\":\"https:\\\/\\\/nomen.es\\\/ca\\\/fruites-verdures-estiu\\\/#primaryimage\"},\"thumbnailUrl\":\"https:\\\/\\\/nomen.es\\\/wp-content\\\/uploads\\\/2018\\\/07\\\/N_2018.07_articulo_frutas_y_verduras_verano_web.jpg\",\"articleSection\":[\"Aliments de temporada\"],\"inLanguage\":\"ca\",\"potentialAction\":[{\"@type\":\"CommentAction\",\"name\":\"Comment\",\"target\":[\"https:\\\/\\\/nomen.es\\\/ca\\\/fruites-verdures-estiu\\\/#respond\"]}]},{\"@type\":\"WebPage\",\"@id\":\"https:\\\/\\\/nomen.es\\\/ca\\\/fruites-verdures-estiu\\\/\",\"url\":\"https:\\\/\\\/nomen.es\\\/ca\\\/fruites-verdures-estiu\\\/\",\"name\":\"Fruites i verdures d'estiu: Aliments de temporada - Blog Nomen\",\"isPartOf\":{\"@id\":\"https:\\\/\\\/nomen.es\\\/#website\"},\"primaryImageOfPage\":{\"@id\":\"https:\\\/\\\/nomen.es\\\/ca\\\/fruites-verdures-estiu\\\/#primaryimage\"},\"image\":{\"@id\":\"https:\\\/\\\/nomen.es\\\/ca\\\/fruites-verdures-estiu\\\/#primaryimage\"},\"thumbnailUrl\":\"https:\\\/\\\/nomen.es\\\/wp-content\\\/uploads\\\/2018\\\/07\\\/N_2018.07_articulo_frutas_y_verduras_verano_web.jpg\",\"datePublished\":\"2018-07-20T11:27:49+00:00\",\"author\":{\"@id\":\"https:\\\/\\\/nomen.es\\\/#\\\/schema\\\/person\\\/e05dca4ee822516d2b98d8c40d7c7936\"},\"description\":\"Ja estem en ple estiu! Ja ha arribat la calor, el bon temps, les hores de descans a l'aire lliure, a la piscina o a prop del mar. \u00c9s moment d'obrir-li les portes a les fruites i verdures d'estiu, al seu delici\u00f3s sabor i les seves precioses i cridaneres tonalitats vermelloses, ataronjades i amb verd intens.\",\"breadcrumb\":{\"@id\":\"https:\\\/\\\/nomen.es\\\/ca\\\/fruites-verdures-estiu\\\/#breadcrumb\"},\"inLanguage\":\"ca\",\"potentialAction\":[{\"@type\":\"ReadAction\",\"target\":[\"https:\\\/\\\/nomen.es\\\/ca\\\/fruites-verdures-estiu\\\/\"]}]},{\"@type\":\"ImageObject\",\"inLanguage\":\"ca\",\"@id\":\"https:\\\/\\\/nomen.es\\\/ca\\\/fruites-verdures-estiu\\\/#primaryimage\",\"url\":\"https:\\\/\\\/nomen.es\\\/wp-content\\\/uploads\\\/2018\\\/07\\\/N_2018.07_articulo_frutas_y_verduras_verano_web.jpg\",\"contentUrl\":\"https:\\\/\\\/nomen.es\\\/wp-content\\\/uploads\\\/2018\\\/07\\\/N_2018.07_articulo_frutas_y_verduras_verano_web.jpg\",\"width\":900,\"height\":600},{\"@type\":\"BreadcrumbList\",\"@id\":\"https:\\\/\\\/nomen.es\\\/ca\\\/fruites-verdures-estiu\\\/#breadcrumb\",\"itemListElement\":[{\"@type\":\"ListItem\",\"position\":1,\"name\":\"Portada\",\"item\":\"https:\\\/\\\/nomen.es\\\/ca\\\/\"},{\"@type\":\"ListItem\",\"position\":2,\"name\":\"Fruites i verdures d\u2019estiu\"}]},{\"@type\":\"WebSite\",\"@id\":\"https:\\\/\\\/nomen.es\\\/#website\",\"url\":\"https:\\\/\\\/nomen.es\\\/\",\"name\":\"Nomen\",\"description\":\"Mucho m\u00e1s que arroz\",\"potentialAction\":[{\"@type\":\"SearchAction\",\"target\":{\"@type\":\"EntryPoint\",\"urlTemplate\":\"https:\\\/\\\/nomen.es\\\/?s={search_term_string}\"},\"query-input\":{\"@type\":\"PropertyValueSpecification\",\"valueRequired\":true,\"valueName\":\"search_term_string\"}}],\"inLanguage\":\"ca\"},{\"@type\":\"Person\",\"@id\":\"https:\\\/\\\/nomen.es\\\/#\\\/schema\\\/person\\\/e05dca4ee822516d2b98d8c40d7c7936\",\"name\":\"Nomen\",\"image\":{\"@type\":\"ImageObject\",\"inLanguage\":\"ca\",\"@id\":\"https:\\\/\\\/secure.gravatar.com\\\/avatar\\\/9706332b7e0d915e91c32e7737d8b5aea989a8aa0f5a11d27cdf2acb64563170?s=96&d=mm&r=g\",\"url\":\"https:\\\/\\\/secure.gravatar.com\\\/avatar\\\/9706332b7e0d915e91c32e7737d8b5aea989a8aa0f5a11d27cdf2acb64563170?s=96&d=mm&r=g\",\"contentUrl\":\"https:\\\/\\\/secure.gravatar.com\\\/avatar\\\/9706332b7e0d915e91c32e7737d8b5aea989a8aa0f5a11d27cdf2acb64563170?s=96&d=mm&r=g\",\"caption\":\"Nomen\"}}]}<\/script>\n<!-- \/ Yoast SEO plugin. -->","yoast_head_json":{"title":"Fruites i verdures d'estiu: Aliments de temporada - Blog Nomen","description":"Ja estem en ple estiu! Ja ha arribat la calor, el bon temps, les hores de descans a l'aire lliure, a la piscina o a prop del mar. \u00c9s moment d'obrir-li les portes a les fruites i verdures d'estiu, al seu delici\u00f3s sabor i les seves precioses i cridaneres tonalitats vermelloses, ataronjades i amb verd intens.","robots":{"index":"index","follow":"follow","max-snippet":"max-snippet:-1","max-image-preview":"max-image-preview:large","max-video-preview":"max-video-preview:-1"},"canonical":"https:\/\/nomen.es\/ca\/fruites-verdures-estiu\/","og_locale":"ca_ES","og_type":"article","og_title":"Fruites i verdures d'estiu - Blog Nomen","og_description":"Ja estem en ple estiu! Ja ha arribat la calor, el bon temps, les hores de descans a l'aire lliure, a la piscina o a prop del mar. \u00c9s moment d'obrir-li les portes a les fruites i verdures d'estiu, al seu delici\u00f3s sabor i les seves precioses i cridaneres tonalitats vermelloses, ataronjades i amb verd intens.","og_url":"https:\/\/nomen.es\/ca\/fruites-verdures-estiu\/","og_site_name":"Nomen","article_published_time":"2018-07-20T11:27:49+00:00","og_image":[{"width":1200,"height":625,"url":"https:\/\/nomen.es\/wp-content\/uploads\/2018\/07\/N_2018.07_articulo_frutas_y_verduras_verano_linkFB.jpg","type":"image\/jpeg"}],"author":"Nomen","twitter_misc":{"Escrit per":"Nomen","Temps estimat de lectura":"4 minuts"},"schema":{"@context":"https:\/\/schema.org","@graph":[{"@type":"Article","@id":"https:\/\/nomen.es\/ca\/fruites-verdures-estiu\/#article","isPartOf":{"@id":"https:\/\/nomen.es\/ca\/fruites-verdures-estiu\/"},"author":{"name":"Nomen","@id":"https:\/\/nomen.es\/#\/schema\/person\/e05dca4ee822516d2b98d8c40d7c7936"},"headline":"Fruites i verdures d\u2019estiu","datePublished":"2018-07-20T11:27:49+00:00","mainEntityOfPage":{"@id":"https:\/\/nomen.es\/ca\/fruites-verdures-estiu\/"},"wordCount":722,"commentCount":0,"image":{"@id":"https:\/\/nomen.es\/ca\/fruites-verdures-estiu\/#primaryimage"},"thumbnailUrl":"https:\/\/nomen.es\/wp-content\/uploads\/2018\/07\/N_2018.07_articulo_frutas_y_verduras_verano_web.jpg","articleSection":["Aliments de temporada"],"inLanguage":"ca","potentialAction":[{"@type":"CommentAction","name":"Comment","target":["https:\/\/nomen.es\/ca\/fruites-verdures-estiu\/#respond"]}]},{"@type":"WebPage","@id":"https:\/\/nomen.es\/ca\/fruites-verdures-estiu\/","url":"https:\/\/nomen.es\/ca\/fruites-verdures-estiu\/","name":"Fruites i verdures d'estiu: Aliments de temporada - Blog Nomen","isPartOf":{"@id":"https:\/\/nomen.es\/#website"},"primaryImageOfPage":{"@id":"https:\/\/nomen.es\/ca\/fruites-verdures-estiu\/#primaryimage"},"image":{"@id":"https:\/\/nomen.es\/ca\/fruites-verdures-estiu\/#primaryimage"},"thumbnailUrl":"https:\/\/nomen.es\/wp-content\/uploads\/2018\/07\/N_2018.07_articulo_frutas_y_verduras_verano_web.jpg","datePublished":"2018-07-20T11:27:49+00:00","author":{"@id":"https:\/\/nomen.es\/#\/schema\/person\/e05dca4ee822516d2b98d8c40d7c7936"},"description":"Ja estem en ple estiu! Ja ha arribat la calor, el bon temps, les hores de descans a l'aire lliure, a la piscina o a prop del mar. \u00c9s moment d'obrir-li les portes a les fruites i verdures d'estiu, al seu delici\u00f3s sabor i les seves precioses i cridaneres tonalitats vermelloses, ataronjades i amb verd intens.","breadcrumb":{"@id":"https:\/\/nomen.es\/ca\/fruites-verdures-estiu\/#breadcrumb"},"inLanguage":"ca","potentialAction":[{"@type":"ReadAction","target":["https:\/\/nomen.es\/ca\/fruites-verdures-estiu\/"]}]},{"@type":"ImageObject","inLanguage":"ca","@id":"https:\/\/nomen.es\/ca\/fruites-verdures-estiu\/#primaryimage","url":"https:\/\/nomen.es\/wp-content\/uploads\/2018\/07\/N_2018.07_articulo_frutas_y_verduras_verano_web.jpg","contentUrl":"https:\/\/nomen.es\/wp-content\/uploads\/2018\/07\/N_2018.07_articulo_frutas_y_verduras_verano_web.jpg","width":900,"height":600},{"@type":"BreadcrumbList","@id":"https:\/\/nomen.es\/ca\/fruites-verdures-estiu\/#breadcrumb","itemListElement":[{"@type":"ListItem","position":1,"name":"Portada","item":"https:\/\/nomen.es\/ca\/"},{"@type":"ListItem","position":2,"name":"Fruites i verdures d\u2019estiu"}]},{"@type":"WebSite","@id":"https:\/\/nomen.es\/#website","url":"https:\/\/nomen.es\/","name":"Nomen","description":"Mucho m\u00e1s que arroz","potentialAction":[{"@type":"SearchAction","target":{"@type":"EntryPoint","urlTemplate":"https:\/\/nomen.es\/?s={search_term_string}"},"query-input":{"@type":"PropertyValueSpecification","valueRequired":true,"valueName":"search_term_string"}}],"inLanguage":"ca"},{"@type":"Person","@id":"https:\/\/nomen.es\/#\/schema\/person\/e05dca4ee822516d2b98d8c40d7c7936","name":"Nomen","image":{"@type":"ImageObject","inLanguage":"ca","@id":"https:\/\/secure.gravatar.com\/avatar\/9706332b7e0d915e91c32e7737d8b5aea989a8aa0f5a11d27cdf2acb64563170?s=96&d=mm&r=g","url":"https:\/\/secure.gravatar.com\/avatar\/9706332b7e0d915e91c32e7737d8b5aea989a8aa0f5a11d27cdf2acb64563170?s=96&d=mm&r=g","contentUrl":"https:\/\/secure.gravatar.com\/avatar\/9706332b7e0d915e91c32e7737d8b5aea989a8aa0f5a11d27cdf2acb64563170?s=96&d=mm&r=g","caption":"Nomen"}}]}},"_links":{"self":[{"href":"https:\/\/nomen.es\/ca\/wp-json\/wp\/v2\/posts\/7250","targetHints":{"allow":["GET"]}}],"collection":[{"href":"https:\/\/nomen.es\/ca\/wp-json\/wp\/v2\/posts"}],"about":[{"href":"https:\/\/nomen.es\/ca\/wp-json\/wp\/v2\/types\/post"}],"author":[{"embeddable":true,"href":"https:\/\/nomen.es\/ca\/wp-json\/wp\/v2\/users\/2"}],"replies":[{"embeddable":true,"href":"https:\/\/nomen.es\/ca\/wp-json\/wp\/v2\/comments?post=7250"}],"version-history":[{"count":0,"href":"https:\/\/nomen.es\/ca\/wp-json\/wp\/v2\/posts\/7250\/revisions"}],"wp:featuredmedia":[{"embeddable":true,"href":"https:\/\/nomen.es\/ca\/wp-json\/wp\/v2\/media\/7248"}],"wp:attachment":[{"href":"https:\/\/nomen.es\/ca\/wp-json\/wp\/v2\/media?parent=7250"}],"wp:term":[{"taxonomy":"category","embeddable":true,"href":"https:\/\/nomen.es\/ca\/wp-json\/wp\/v2\/categories?post=7250"},{"taxonomy":"post_tag","embeddable":true,"href":"https:\/\/nomen.es\/ca\/wp-json\/wp\/v2\/tags?post=7250"}],"curies":[{"name":"wp","href":"https:\/\/api.w.org\/{rel}","templated":true}]}}